
{"id":7607,"date":"2021-08-26T17:14:54","date_gmt":"2021-08-26T17:14:54","guid":{"rendered":"https:\/\/public.kantarpolska.com\/archiwumraportow\/?p=7607"},"modified":"2021-08-26T17:17:01","modified_gmt":"2021-08-26T17:17:01","slug":"czy-polacy-chca-sie-zaszczepic-przeciwko-grypie-wrzesien-2020","status":"publish","type":"post","link":"https:\/\/public.kantarpolska.com\/archiwumraportow\/2021\/08\/26\/czy-polacy-chca-sie-zaszczepic-przeciwko-grypie-wrzesien-2020\/","title":{"rendered":"Czy Polacy chc\u0105 si\u0119 zaszczepi\u0107 przeciwko grypie? Wrzesie\u0144 2020"},"content":{"rendered":"<p>We wrze\u015bniu 2020 roku Kantar, w comiesi\u0119cznym badaniu, prowadzonym technik\u0105 wywiad\u00f3w bezpo\u015brednich w domach respondent\u00f3w, zapyta\u0142 Polak\u00f3w o ich plany odno\u015bnie zaszczepienia si\u0119 przeciw grypie oraz ich<!--more--> stosunku do refundacji tych\u017ce szczepie\u0144 przez pa\u0144stwo.<\/p>\n","protected":false},"excerpt":{"rendered":"<p>We wrze\u015bniu 2020 roku Kantar, w comiesi\u0119cznym badaniu, prowadzonym technik\u0105 wywiad\u00f3w bezpo\u015brednich w domach respondent\u00f3w, zapyta\u0142 Polak\u00f3w o ich plany odno\u015bnie zaszczepienia si\u0119 przeciw grypie oraz ich<\/p>\n","protected":false},"author":29,"featured_media":0,"comment_status":"closed","ping_status":"closed","sticky":false,"template":"","format":"standard","meta":{"ngg_post_thumbnail":0},"categories":[1],"tags":[208,209,20],"_links":{"self":[{"href":"https:\/\/public.kantarpolska.com\/archiwumraportow\/wp-json\/wp\/v2\/posts\/7607"}],"collection":[{"href":"https:\/\/public.kantarpolska.com\/archiwumraportow\/wp-json\/wp\/v2\/posts"}],"about":[{"href":"https:\/\/public.kantarpolska.com\/archiwumraportow\/wp-json\/wp\/v2\/types\/post"}],"author":[{"embeddable":true,"href":"https:\/\/public.kantarpolska.com\/archiwumraportow\/wp-json\/wp\/v2\/users\/29"}],"replies":[{"embeddable":true,"href":"https:\/\/public.kantarpolska.com\/archiwumraportow\/wp-json\/wp\/v2\/comments?post=7607"}],"version-history":[{"count":1,"href":"https:\/\/public.kantarpolska.com\/archiwumraportow\/wp-json\/wp\/v2\/posts\/7607\/revisions"}],"predecessor-version":[{"id":7608,"href":"https:\/\/public.kantarpolska.com\/archiwumraportow\/wp-json\/wp\/v2\/posts\/7607\/revisions\/7608"}],"wp:attachment":[{"href":"https:\/\/public.kantarpolska.com\/archiwumraportow\/wp-json\/wp\/v2\/media?parent=7607"}],"wp:term":[{"taxonomy":"category","embeddable":true,"href":"https:\/\/public.kantarpolska.com\/archiwumraportow\/wp-json\/wp\/v2\/categories?post=7607"},{"taxonomy":"post_tag","embeddable":true,"href":"https:\/\/public.kantarpolska.com\/archiwumraportow\/wp-json\/wp\/v2\/tags?post=7607"}],"curies":[{"name":"wp","href":"https:\/\/api.w.org\/{rel}","templated":true}]}}