
{"id":7590,"date":"2021-08-26T14:20:24","date_gmt":"2021-08-26T14:20:24","guid":{"rendered":"https:\/\/public.kantarpolska.com\/archiwumraportow\/?p=7590"},"modified":"2021-08-26T14:22:36","modified_gmt":"2021-08-26T14:22:36","slug":"nastroje-spoleczne-polakow-sierpien-2020","status":"publish","type":"post","link":"https:\/\/public.kantarpolska.com\/archiwumraportow\/2021\/08\/26\/nastroje-spoleczne-polakow-sierpien-2020\/","title":{"rendered":"Nastroje spo\u0142eczne Polak\u00f3w. Sierpie\u0144 2020"},"content":{"rendered":"<p>W sierpniu 2020 roku Kantar przeprowadzi\u0142 badanie nastroj\u00f3w&nbsp; spo\u0142ecznych. Polacy zostali zapytani o opini\u0119 na temat kierunku biegu spraw w naszym kraju, ocen\u0119 stanu polskiej gospodarki i prognoz\u0119 zmian<!--more--> sytuacji materialnej ludno\u015bci w ci\u0105gu najbli\u017cszych trzech lat, a tak\u017ce o ocen\u0119 mo\u017cliwo\u015bci znalezienia pracy w Polsce. W komunikacie prezentujemy wyniki uzyskane w sierpniu, zestawione z danymi z ostatnich miesi\u0119cy.<\/p>\n","protected":false},"excerpt":{"rendered":"<p>W sierpniu 2020 roku Kantar przeprowadzi\u0142 badanie nastroj\u00f3w&nbsp; spo\u0142ecznych. Polacy zostali zapytani o opini\u0119 na temat kierunku biegu spraw w naszym kraju, ocen\u0119 stanu polskiej gospodarki i prognoz\u0119 zmian<\/p>\n","protected":false},"author":29,"featured_media":0,"comment_status":"closed","ping_status":"closed","sticky":false,"template":"","format":"standard","meta":{"ngg_post_thumbnail":0},"categories":[1],"tags":[157],"_links":{"self":[{"href":"https:\/\/public.kantarpolska.com\/archiwumraportow\/wp-json\/wp\/v2\/posts\/7590"}],"collection":[{"href":"https:\/\/public.kantarpolska.com\/archiwumraportow\/wp-json\/wp\/v2\/posts"}],"about":[{"href":"https:\/\/public.kantarpolska.com\/archiwumraportow\/wp-json\/wp\/v2\/types\/post"}],"author":[{"embeddable":true,"href":"https:\/\/public.kantarpolska.com\/archiwumraportow\/wp-json\/wp\/v2\/users\/29"}],"replies":[{"embeddable":true,"href":"https:\/\/public.kantarpolska.com\/archiwumraportow\/wp-json\/wp\/v2\/comments?post=7590"}],"version-history":[{"count":1,"href":"https:\/\/public.kantarpolska.com\/archiwumraportow\/wp-json\/wp\/v2\/posts\/7590\/revisions"}],"predecessor-version":[{"id":7592,"href":"https:\/\/public.kantarpolska.com\/archiwumraportow\/wp-json\/wp\/v2\/posts\/7590\/revisions\/7592"}],"wp:attachment":[{"href":"https:\/\/public.kantarpolska.com\/archiwumraportow\/wp-json\/wp\/v2\/media?parent=7590"}],"wp:term":[{"taxonomy":"category","embeddable":true,"href":"https:\/\/public.kantarpolska.com\/archiwumraportow\/wp-json\/wp\/v2\/categories?post=7590"},{"taxonomy":"post_tag","embeddable":true,"href":"https:\/\/public.kantarpolska.com\/archiwumraportow\/wp-json\/wp\/v2\/tags?post=7590"}],"curies":[{"name":"wp","href":"https:\/\/api.w.org\/{rel}","templated":true}]}}