
{"id":7587,"date":"2021-08-26T14:13:42","date_gmt":"2021-08-26T14:13:42","guid":{"rendered":"https:\/\/public.kantarpolska.com\/archiwumraportow\/?p=7587"},"modified":"2021-08-26T14:15:00","modified_gmt":"2021-08-26T14:15:00","slug":"ocena-dzialalnosci-rzadu-premiera-i-prezydenta-sierpien-2020","status":"publish","type":"post","link":"https:\/\/public.kantarpolska.com\/archiwumraportow\/2021\/08\/26\/ocena-dzialalnosci-rzadu-premiera-i-prezydenta-sierpien-2020\/","title":{"rendered":"Ocena dzia\u0142alno\u015bci rz\u0105du, premiera i prezydenta. Sierpie\u0144 2020"},"content":{"rendered":"<p>W sierpniu 2020 roku Kantar przeprowadzi\u0142 comiesi\u0119czny sonda\u017c, w kt\u00f3rym Polacy poproszeni zostali o ocen\u0119 pracy rz\u0105du, urz\u0119du premiera Mateusza Morawieckiego oraz prezydenta Andrzeja Dudy. W raporcie<!--more--> opisane s\u0105 najnowsze wyniki oraz ich por\u00f3wnanie z danymi z poprzednich edycji badania.<\/p>\n","protected":false},"excerpt":{"rendered":"<p>W sierpniu 2020 roku Kantar przeprowadzi\u0142 comiesi\u0119czny sonda\u017c, w kt\u00f3rym Polacy poproszeni zostali o ocen\u0119 pracy rz\u0105du, urz\u0119du premiera Mateusza Morawieckiego oraz prezydenta Andrzeja Dudy. W raporcie<\/p>\n","protected":false},"author":29,"featured_media":0,"comment_status":"closed","ping_status":"closed","sticky":false,"template":"","format":"standard","meta":{"ngg_post_thumbnail":0},"categories":[1],"tags":[156],"_links":{"self":[{"href":"https:\/\/public.kantarpolska.com\/archiwumraportow\/wp-json\/wp\/v2\/posts\/7587"}],"collection":[{"href":"https:\/\/public.kantarpolska.com\/archiwumraportow\/wp-json\/wp\/v2\/posts"}],"about":[{"href":"https:\/\/public.kantarpolska.com\/archiwumraportow\/wp-json\/wp\/v2\/types\/post"}],"author":[{"embeddable":true,"href":"https:\/\/public.kantarpolska.com\/archiwumraportow\/wp-json\/wp\/v2\/users\/29"}],"replies":[{"embeddable":true,"href":"https:\/\/public.kantarpolska.com\/archiwumraportow\/wp-json\/wp\/v2\/comments?post=7587"}],"version-history":[{"count":1,"href":"https:\/\/public.kantarpolska.com\/archiwumraportow\/wp-json\/wp\/v2\/posts\/7587\/revisions"}],"predecessor-version":[{"id":7589,"href":"https:\/\/public.kantarpolska.com\/archiwumraportow\/wp-json\/wp\/v2\/posts\/7587\/revisions\/7589"}],"wp:attachment":[{"href":"https:\/\/public.kantarpolska.com\/archiwumraportow\/wp-json\/wp\/v2\/media?parent=7587"}],"wp:term":[{"taxonomy":"category","embeddable":true,"href":"https:\/\/public.kantarpolska.com\/archiwumraportow\/wp-json\/wp\/v2\/categories?post=7587"},{"taxonomy":"post_tag","embeddable":true,"href":"https:\/\/public.kantarpolska.com\/archiwumraportow\/wp-json\/wp\/v2\/tags?post=7587"}],"curies":[{"name":"wp","href":"https:\/\/api.w.org\/{rel}","templated":true}]}}