
{"id":7578,"date":"2021-08-26T13:47:15","date_gmt":"2021-08-26T13:47:15","guid":{"rendered":"https:\/\/public.kantarpolska.com\/archiwumraportow\/?p=7578"},"modified":"2021-08-26T13:48:23","modified_gmt":"2021-08-26T13:48:23","slug":"monitoring-nastrojow-spolecznych-w-czasie-pandemii-covid-19","status":"publish","type":"post","link":"https:\/\/public.kantarpolska.com\/archiwumraportow\/2021\/08\/26\/monitoring-nastrojow-spolecznych-w-czasie-pandemii-covid-19\/","title":{"rendered":"Monitoring nastroj\u00f3w spo\u0142ecznych w czasie pandemii COVID-19"},"content":{"rendered":"<p>W zwi\u0105zku z pandemi\u0105 wirusa COVID-19, Kantar przeprowadza codzienny monitoring nastroj\u00f3w spo\u0142ecznych. W badaniu respondenci pytani s\u0105 o ich sytuacj\u0119 finansow\u0105, aktualne wydatki oraz prognozy na przysz\u0142o\u015b\u0107. Na<!--more--> podstawie wynik\u00f3w 5 pyta\u0144 obliczany jest Indeks Dziennego Pomiaru Nastroj\u00f3w. Wska\u017anik wyra\u017cany jest na symetrycznej skali od -100 do +100. Zero oznacza r\u00f3wnowag\u0119 mi\u0119dzy odpowiedziami negatywnymi i pozytywnymi. W komunikacie przedstawiono wybrane warto\u015bci monitoringu, obrazuj\u0105ce zmiany w trendzie.<\/p>\n","protected":false},"excerpt":{"rendered":"<p>W zwi\u0105zku z pandemi\u0105 wirusa COVID-19, Kantar przeprowadza codzienny monitoring nastroj\u00f3w spo\u0142ecznych. W badaniu respondenci pytani s\u0105 o ich sytuacj\u0119 finansow\u0105, aktualne wydatki oraz prognozy na przysz\u0142o\u015b\u0107. Na<\/p>\n","protected":false},"author":29,"featured_media":0,"comment_status":"closed","ping_status":"closed","sticky":false,"template":"","format":"standard","meta":{"ngg_post_thumbnail":0},"categories":[1],"tags":[25,205],"_links":{"self":[{"href":"https:\/\/public.kantarpolska.com\/archiwumraportow\/wp-json\/wp\/v2\/posts\/7578"}],"collection":[{"href":"https:\/\/public.kantarpolska.com\/archiwumraportow\/wp-json\/wp\/v2\/posts"}],"about":[{"href":"https:\/\/public.kantarpolska.com\/archiwumraportow\/wp-json\/wp\/v2\/types\/post"}],"author":[{"embeddable":true,"href":"https:\/\/public.kantarpolska.com\/archiwumraportow\/wp-json\/wp\/v2\/users\/29"}],"replies":[{"embeddable":true,"href":"https:\/\/public.kantarpolska.com\/archiwumraportow\/wp-json\/wp\/v2\/comments?post=7578"}],"version-history":[{"count":1,"href":"https:\/\/public.kantarpolska.com\/archiwumraportow\/wp-json\/wp\/v2\/posts\/7578\/revisions"}],"predecessor-version":[{"id":7579,"href":"https:\/\/public.kantarpolska.com\/archiwumraportow\/wp-json\/wp\/v2\/posts\/7578\/revisions\/7579"}],"wp:attachment":[{"href":"https:\/\/public.kantarpolska.com\/archiwumraportow\/wp-json\/wp\/v2\/media?parent=7578"}],"wp:term":[{"taxonomy":"category","embeddable":true,"href":"https:\/\/public.kantarpolska.com\/archiwumraportow\/wp-json\/wp\/v2\/categories?post=7578"},{"taxonomy":"post_tag","embeddable":true,"href":"https:\/\/public.kantarpolska.com\/archiwumraportow\/wp-json\/wp\/v2\/tags?post=7578"}],"curies":[{"name":"wp","href":"https:\/\/api.w.org\/{rel}","templated":true}]}}