
{"id":7559,"date":"2021-08-26T12:48:19","date_gmt":"2021-08-26T12:48:19","guid":{"rendered":"https:\/\/public.kantarpolska.com\/archiwumraportow\/?p=7559"},"modified":"2021-08-26T12:49:04","modified_gmt":"2021-08-26T12:49:04","slug":"preferencje-prezydenckie-lipiec-2020","status":"publish","type":"post","link":"https:\/\/public.kantarpolska.com\/archiwumraportow\/2021\/08\/26\/preferencje-prezydenckie-lipiec-2020\/","title":{"rendered":"Preferencje prezydenckie. Lipiec 2020"},"content":{"rendered":"<p>W lipcu 2020 roku Kantar, w comiesi\u0119cznym badaniu, prowadzonym technik\u0105 wywiad\u00f3w bezpo\u015brednich w domach respondent\u00f3w, zapyta\u0142 Polak\u00f3w o gotowo\u015b\u0107 uczestnictwa w II turze wybor\u00f3w prezydenckich, kt\u00f3ra<!--more--> odb\u0119dzie si\u0119 12 lipca, a tak\u017ce o to, na kt\u00f3rego kandydata oddadz\u0105 oni sw\u00f3j g\u0142os.<\/p>\n","protected":false},"excerpt":{"rendered":"<p>W lipcu 2020 roku Kantar, w comiesi\u0119cznym badaniu, prowadzonym technik\u0105 wywiad\u00f3w bezpo\u015brednich w domach respondent\u00f3w, zapyta\u0142 Polak\u00f3w o gotowo\u015b\u0107 uczestnictwa w II turze wybor\u00f3w prezydenckich, kt\u00f3ra<\/p>\n","protected":false},"author":29,"featured_media":0,"comment_status":"closed","ping_status":"closed","sticky":false,"template":"","format":"standard","meta":{"ngg_post_thumbnail":0},"categories":[1],"tags":[136],"_links":{"self":[{"href":"https:\/\/public.kantarpolska.com\/archiwumraportow\/wp-json\/wp\/v2\/posts\/7559"}],"collection":[{"href":"https:\/\/public.kantarpolska.com\/archiwumraportow\/wp-json\/wp\/v2\/posts"}],"about":[{"href":"https:\/\/public.kantarpolska.com\/archiwumraportow\/wp-json\/wp\/v2\/types\/post"}],"author":[{"embeddable":true,"href":"https:\/\/public.kantarpolska.com\/archiwumraportow\/wp-json\/wp\/v2\/users\/29"}],"replies":[{"embeddable":true,"href":"https:\/\/public.kantarpolska.com\/archiwumraportow\/wp-json\/wp\/v2\/comments?post=7559"}],"version-history":[{"count":1,"href":"https:\/\/public.kantarpolska.com\/archiwumraportow\/wp-json\/wp\/v2\/posts\/7559\/revisions"}],"predecessor-version":[{"id":7561,"href":"https:\/\/public.kantarpolska.com\/archiwumraportow\/wp-json\/wp\/v2\/posts\/7559\/revisions\/7561"}],"wp:attachment":[{"href":"https:\/\/public.kantarpolska.com\/archiwumraportow\/wp-json\/wp\/v2\/media?parent=7559"}],"wp:term":[{"taxonomy":"category","embeddable":true,"href":"https:\/\/public.kantarpolska.com\/archiwumraportow\/wp-json\/wp\/v2\/categories?post=7559"},{"taxonomy":"post_tag","embeddable":true,"href":"https:\/\/public.kantarpolska.com\/archiwumraportow\/wp-json\/wp\/v2\/tags?post=7559"}],"curies":[{"name":"wp","href":"https:\/\/api.w.org\/{rel}","templated":true}]}}