
{"id":7485,"date":"2020-05-25T16:16:04","date_gmt":"2020-05-25T16:16:04","guid":{"rendered":"https:\/\/www.tnsglobal.pl\/archiwumraportow\/?p=7485"},"modified":"2020-05-25T16:16:04","modified_gmt":"2020-05-25T16:16:04","slug":"ocena-dzialalnosci-rzadu-premiera-i-prezydenta-maj-2020","status":"publish","type":"post","link":"https:\/\/public.kantarpolska.com\/archiwumraportow\/2020\/05\/25\/ocena-dzialalnosci-rzadu-premiera-i-prezydenta-maj-2020\/","title":{"rendered":"Ocena dzia\u0142alno\u015bci rz\u0105du, premiera i prezydenta. Maj 2020"},"content":{"rendered":"<p>W maju 2020 roku Kantar przeprowadzi\u0142 comiesi\u0119czny sonda\u017c, w kt\u00f3rym Polacy poproszeni zostali o ocen\u0119 pracy rz\u0105du, urz\u0119du premiera Mateusza Morawieckiego oraz prezydenta Andrzeja Dudy. W raporcie opisane s\u0105 najnowsze wyniki oraz ich por\u00f3wnanie<!--more--><br \/>\nz danymi z poprzednich edycji badania.<\/p>\n<p><span style=\"text-decoration: underline\">W zwi\u0105zku z epidemi\u0105 <\/span><span style=\"text-decoration: underline\">koronawirusa<\/span><span style=\"text-decoration: underline\"> badanie zosta\u0142o przeprowadzone za pomoc\u0105 metody wywiadu telefonicznego wspieranego komputerowo (CATI).<\/span><\/p>\n","protected":false},"excerpt":{"rendered":"<p>W maju 2020 roku Kantar przeprowadzi\u0142 comiesi\u0119czny sonda\u017c, w kt\u00f3rym Polacy poproszeni zostali o ocen\u0119 pracy rz\u0105du, urz\u0119du premiera Mateusza Morawieckiego oraz prezydenta Andrzeja Dudy. W raporcie opisane s\u0105 najnowsze wyniki oraz ich por\u00f3wnanie<\/p>\n","protected":false},"author":26,"featured_media":0,"comment_status":"closed","ping_status":"closed","sticky":false,"template":"","format":"standard","meta":{"ngg_post_thumbnail":0},"categories":[1],"tags":[156],"_links":{"self":[{"href":"https:\/\/public.kantarpolska.com\/archiwumraportow\/wp-json\/wp\/v2\/posts\/7485"}],"collection":[{"href":"https:\/\/public.kantarpolska.com\/archiwumraportow\/wp-json\/wp\/v2\/posts"}],"about":[{"href":"https:\/\/public.kantarpolska.com\/archiwumraportow\/wp-json\/wp\/v2\/types\/post"}],"author":[{"embeddable":true,"href":"https:\/\/public.kantarpolska.com\/archiwumraportow\/wp-json\/wp\/v2\/users\/26"}],"replies":[{"embeddable":true,"href":"https:\/\/public.kantarpolska.com\/archiwumraportow\/wp-json\/wp\/v2\/comments?post=7485"}],"version-history":[{"count":1,"href":"https:\/\/public.kantarpolska.com\/archiwumraportow\/wp-json\/wp\/v2\/posts\/7485\/revisions"}],"predecessor-version":[{"id":7487,"href":"https:\/\/public.kantarpolska.com\/archiwumraportow\/wp-json\/wp\/v2\/posts\/7485\/revisions\/7487"}],"wp:attachment":[{"href":"https:\/\/public.kantarpolska.com\/archiwumraportow\/wp-json\/wp\/v2\/media?parent=7485"}],"wp:term":[{"taxonomy":"category","embeddable":true,"href":"https:\/\/public.kantarpolska.com\/archiwumraportow\/wp-json\/wp\/v2\/categories?post=7485"},{"taxonomy":"post_tag","embeddable":true,"href":"https:\/\/public.kantarpolska.com\/archiwumraportow\/wp-json\/wp\/v2\/tags?post=7485"}],"curies":[{"name":"wp","href":"https:\/\/api.w.org\/{rel}","templated":true}]}}