
{"id":7482,"date":"2020-05-22T11:22:26","date_gmt":"2020-05-22T11:22:26","guid":{"rendered":"https:\/\/www.tnsglobal.pl\/archiwumraportow\/?p=7482"},"modified":"2020-05-22T11:22:26","modified_gmt":"2020-05-22T11:22:26","slug":"preferencje-partyjne-polakow-maj-2020","status":"publish","type":"post","link":"https:\/\/public.kantarpolska.com\/archiwumraportow\/2020\/05\/22\/preferencje-partyjne-polakow-maj-2020\/","title":{"rendered":"Preferencje partyjne Polak\u00f3w. Maj 2020"},"content":{"rendered":"<p>W drugiej po\u0142owie maja 2020 roku Kantar, w comiesi\u0119cznym badaniu prowadzonym technik\u0105 wywiad\u00f3w telefonicznych, zapyta\u0142 Polak\u00f3w o ewentualn\u0105 gotowo\u015b\u0107 uczestnictwa w wyborach do Sejmu, a tak\u017ce o spos\u00f3b g\u0142osowania w takich wyborach. Niniejszy raport <!--more-->przedstawia wyniki z maja oraz ich por\u00f3wnanie z danymi z poprzednich pomiar\u00f3w.<\/p>\n<p><span style=\"text-decoration: underline\">Ze wzgl\u0119du na epidemi\u0119 <\/span><span style=\"text-decoration: underline\">koronawirusa<\/span><span style=\"text-decoration: underline\">, metoda przeprowadzenia badania uleg\u0142a zmianie na wywiady telefoniczne wspierane komputerowo (CATI). <\/span><\/p>\n","protected":false},"excerpt":{"rendered":"<p>W drugiej po\u0142owie maja 2020 roku Kantar, w comiesi\u0119cznym badaniu prowadzonym technik\u0105 wywiad\u00f3w telefonicznych, zapyta\u0142 Polak\u00f3w o ewentualn\u0105 gotowo\u015b\u0107 uczestnictwa w wyborach do Sejmu, a tak\u017ce o spos\u00f3b g\u0142osowania w takich wyborach. Niniejszy raport<\/p>\n","protected":false},"author":26,"featured_media":0,"comment_status":"closed","ping_status":"closed","sticky":false,"template":"","format":"standard","meta":{"ngg_post_thumbnail":0},"categories":[1],"tags":[167],"_links":{"self":[{"href":"https:\/\/public.kantarpolska.com\/archiwumraportow\/wp-json\/wp\/v2\/posts\/7482"}],"collection":[{"href":"https:\/\/public.kantarpolska.com\/archiwumraportow\/wp-json\/wp\/v2\/posts"}],"about":[{"href":"https:\/\/public.kantarpolska.com\/archiwumraportow\/wp-json\/wp\/v2\/types\/post"}],"author":[{"embeddable":true,"href":"https:\/\/public.kantarpolska.com\/archiwumraportow\/wp-json\/wp\/v2\/users\/26"}],"replies":[{"embeddable":true,"href":"https:\/\/public.kantarpolska.com\/archiwumraportow\/wp-json\/wp\/v2\/comments?post=7482"}],"version-history":[{"count":2,"href":"https:\/\/public.kantarpolska.com\/archiwumraportow\/wp-json\/wp\/v2\/posts\/7482\/revisions"}],"predecessor-version":[{"id":7521,"href":"https:\/\/public.kantarpolska.com\/archiwumraportow\/wp-json\/wp\/v2\/posts\/7482\/revisions\/7521"}],"wp:attachment":[{"href":"https:\/\/public.kantarpolska.com\/archiwumraportow\/wp-json\/wp\/v2\/media?parent=7482"}],"wp:term":[{"taxonomy":"category","embeddable":true,"href":"https:\/\/public.kantarpolska.com\/archiwumraportow\/wp-json\/wp\/v2\/categories?post=7482"},{"taxonomy":"post_tag","embeddable":true,"href":"https:\/\/public.kantarpolska.com\/archiwumraportow\/wp-json\/wp\/v2\/tags?post=7482"}],"curies":[{"name":"wp","href":"https:\/\/api.w.org\/{rel}","templated":true}]}}