
{"id":7464,"date":"2020-04-23T09:43:42","date_gmt":"2020-04-23T09:43:42","guid":{"rendered":"https:\/\/www.tnsglobal.pl\/archiwumraportow\/?p=7464"},"modified":"2020-04-23T09:43:42","modified_gmt":"2020-04-23T09:43:42","slug":"preferencje-prezydenckie-kwiecien-2020","status":"publish","type":"post","link":"https:\/\/public.kantarpolska.com\/archiwumraportow\/2020\/04\/23\/preferencje-prezydenckie-kwiecien-2020\/","title":{"rendered":"Preferencje prezydenckie. Kwiecie\u0144 2020"},"content":{"rendered":"<p>W kwietniu 2020 roku Kantar zapyta\u0142 Polak\u00f3w o gotowo\u015b\u0107 uczestnictwa w wyborach prezydenckich, kt\u00f3re maj\u0105 odby\u0107 si\u0119 w maju tego roku, a tak\u017ce o to, na kt\u00f3rego kandydata oddadz\u0105 oni sw\u00f3j g\u0142os. W pytaniach zosta\u0142 uwzgl\u0119dniony korespondencyjny charakter<!--more-->wybor\u00f3w.\u00a0Ze wzgl\u0119du na stan epidemii, badanie zosta\u0142o przeprowadzone metod\u0105 wywiad\u00f3w telefonicznych wspieranych komputerowo.<\/p>\n","protected":false},"excerpt":{"rendered":"<p>W kwietniu 2020 roku Kantar zapyta\u0142 Polak\u00f3w o gotowo\u015b\u0107 uczestnictwa w wyborach prezydenckich, kt\u00f3re maj\u0105 odby\u0107 si\u0119 w maju tego roku, a tak\u017ce o to, na kt\u00f3rego kandydata oddadz\u0105 oni sw\u00f3j g\u0142os. W pytaniach zosta\u0142 uwzgl\u0119dniony korespondencyjny charakter<\/p>\n","protected":false},"author":26,"featured_media":0,"comment_status":"closed","ping_status":"closed","sticky":false,"template":"","format":"standard","meta":{"ngg_post_thumbnail":0},"categories":[1],"tags":[201],"_links":{"self":[{"href":"https:\/\/public.kantarpolska.com\/archiwumraportow\/wp-json\/wp\/v2\/posts\/7464"}],"collection":[{"href":"https:\/\/public.kantarpolska.com\/archiwumraportow\/wp-json\/wp\/v2\/posts"}],"about":[{"href":"https:\/\/public.kantarpolska.com\/archiwumraportow\/wp-json\/wp\/v2\/types\/post"}],"author":[{"embeddable":true,"href":"https:\/\/public.kantarpolska.com\/archiwumraportow\/wp-json\/wp\/v2\/users\/26"}],"replies":[{"embeddable":true,"href":"https:\/\/public.kantarpolska.com\/archiwumraportow\/wp-json\/wp\/v2\/comments?post=7464"}],"version-history":[{"count":1,"href":"https:\/\/public.kantarpolska.com\/archiwumraportow\/wp-json\/wp\/v2\/posts\/7464\/revisions"}],"predecessor-version":[{"id":7466,"href":"https:\/\/public.kantarpolska.com\/archiwumraportow\/wp-json\/wp\/v2\/posts\/7464\/revisions\/7466"}],"wp:attachment":[{"href":"https:\/\/public.kantarpolska.com\/archiwumraportow\/wp-json\/wp\/v2\/media?parent=7464"}],"wp:term":[{"taxonomy":"category","embeddable":true,"href":"https:\/\/public.kantarpolska.com\/archiwumraportow\/wp-json\/wp\/v2\/categories?post=7464"},{"taxonomy":"post_tag","embeddable":true,"href":"https:\/\/public.kantarpolska.com\/archiwumraportow\/wp-json\/wp\/v2\/tags?post=7464"}],"curies":[{"name":"wp","href":"https:\/\/api.w.org\/{rel}","templated":true}]}}