
{"id":7457,"date":"2020-03-31T14:42:51","date_gmt":"2020-03-31T14:42:51","guid":{"rendered":"https:\/\/www.tnsglobal.pl\/archiwumraportow\/?p=7457"},"modified":"2020-03-31T14:43:31","modified_gmt":"2020-03-31T14:43:31","slug":"niebezpieczenstwo-w-sieci-czego-polacy-obawiaja-sie-w-internecie-marzec-2020","status":"publish","type":"post","link":"https:\/\/public.kantarpolska.com\/archiwumraportow\/2020\/03\/31\/niebezpieczenstwo-w-sieci-czego-polacy-obawiaja-sie-w-internecie-marzec-2020\/","title":{"rendered":"(Nie)bezpiecze\u0144stwo w sieci \u2013 czego Polacy obawiaj\u0105 si\u0119 w Internecie? Marzec 2020"},"content":{"rendered":"<p>W og\u00f3lnoeuropejskim badaniu Eurobarometr, przeprowadzanym regularnie przez Kantar na zlecenie Komisji Europejskiej, pod koniec pa\u017adziernika 2019 r. zapytano Europejczyk\u00f3w o ich obawy w zwi\u0105zku z cyberprzest\u0119pczo\u015bci\u0105. Wyniki badania dotycz\u0105<!--more--> postawy respondent\u00f3w wobec zagro\u017ce\u0144 w sieci, ich postaw i zachowa\u0144 wobec problemu oraz zaufania w stosunku do interakcji w sieci.<\/p>\n","protected":false},"excerpt":{"rendered":"<p>W og\u00f3lnoeuropejskim badaniu Eurobarometr, przeprowadzanym regularnie przez Kantar na zlecenie Komisji Europejskiej, pod koniec pa\u017adziernika 2019 r. zapytano Europejczyk\u00f3w o ich obawy w zwi\u0105zku z cyberprzest\u0119pczo\u015bci\u0105. Wyniki badania dotycz\u0105<\/p>\n","protected":false},"author":26,"featured_media":0,"comment_status":"closed","ping_status":"closed","sticky":false,"template":"","format":"standard","meta":{"ngg_post_thumbnail":0},"categories":[1],"tags":[203],"_links":{"self":[{"href":"https:\/\/public.kantarpolska.com\/archiwumraportow\/wp-json\/wp\/v2\/posts\/7457"}],"collection":[{"href":"https:\/\/public.kantarpolska.com\/archiwumraportow\/wp-json\/wp\/v2\/posts"}],"about":[{"href":"https:\/\/public.kantarpolska.com\/archiwumraportow\/wp-json\/wp\/v2\/types\/post"}],"author":[{"embeddable":true,"href":"https:\/\/public.kantarpolska.com\/archiwumraportow\/wp-json\/wp\/v2\/users\/26"}],"replies":[{"embeddable":true,"href":"https:\/\/public.kantarpolska.com\/archiwumraportow\/wp-json\/wp\/v2\/comments?post=7457"}],"version-history":[{"count":2,"href":"https:\/\/public.kantarpolska.com\/archiwumraportow\/wp-json\/wp\/v2\/posts\/7457\/revisions"}],"predecessor-version":[{"id":7460,"href":"https:\/\/public.kantarpolska.com\/archiwumraportow\/wp-json\/wp\/v2\/posts\/7457\/revisions\/7460"}],"wp:attachment":[{"href":"https:\/\/public.kantarpolska.com\/archiwumraportow\/wp-json\/wp\/v2\/media?parent=7457"}],"wp:term":[{"taxonomy":"category","embeddable":true,"href":"https:\/\/public.kantarpolska.com\/archiwumraportow\/wp-json\/wp\/v2\/categories?post=7457"},{"taxonomy":"post_tag","embeddable":true,"href":"https:\/\/public.kantarpolska.com\/archiwumraportow\/wp-json\/wp\/v2\/tags?post=7457"}],"curies":[{"name":"wp","href":"https:\/\/api.w.org\/{rel}","templated":true}]}}