
{"id":7438,"date":"2020-03-16T08:58:59","date_gmt":"2020-03-16T08:58:59","guid":{"rendered":"https:\/\/www.tnsglobal.pl\/archiwumraportow\/?p=7438"},"modified":"2020-03-16T08:58:59","modified_gmt":"2020-03-16T08:58:59","slug":"wplyw-epidemii-koronawirusa-na-zycie-polakow-marzec-2020","status":"publish","type":"post","link":"https:\/\/public.kantarpolska.com\/archiwumraportow\/2020\/03\/16\/wplyw-epidemii-koronawirusa-na-zycie-polakow-marzec-2020\/","title":{"rendered":"Wp\u0142yw epidemii koronawirusa na \u017cycie Polak\u00f3w. Marzec 2020"},"content":{"rendered":"<p>Epidemia koronawirusa w ostatnich tygodniach zdominowa\u0142a nie tylko pierwsze strony gazet i portali informacyjnych, ale realnie wp\u0142yn\u0119\u0142a na \u017cycie w wielu pa\u0144stwach, w tym w Polsce. W marcu Kantar zapyta\u0142 Polak\u00f3w czy obawiaj\u0105 si\u0119 swojego zachorowania oraz<!--more--> zachorowania swoich bliskich, paniki w kraju lub pustych p\u00f3\u0142ek w sklepie, czy zrobili zapasy podstawowych produkt\u00f3w oraz czy musieli zrezygnowa\u0107 ze swoich plan\u00f3w. Realizacja badania zako\u0144czy\u0142a si\u0119 11 marca, kiedy w Polsce zdiagnozowanych by\u0142o 31 chorych i nie by\u0142o ofiary \u015bmiertelnej a zamkni\u0119cie przedszkoli, szk\u00f3\u0142 i uczelni zosta\u0142o w\u0142a\u015bnie og\u0142oszone. Przez ostatnie dni wp\u0142yw koronawirusa na \u017cycie Polak\u00f3w m\u00f3g\u0142 ulec zmianie wraz z rozwojem epidemii.<\/p>\n","protected":false},"excerpt":{"rendered":"<p>Epidemia koronawirusa w ostatnich tygodniach zdominowa\u0142a nie tylko pierwsze strony gazet i portali informacyjnych, ale realnie wp\u0142yn\u0119\u0142a na \u017cycie w wielu pa\u0144stwach, w tym w Polsce. W marcu Kantar zapyta\u0142 Polak\u00f3w czy obawiaj\u0105 si\u0119 swojego zachorowania oraz<\/p>\n","protected":false},"author":26,"featured_media":0,"comment_status":"closed","ping_status":"closed","sticky":false,"template":"","format":"standard","meta":{"ngg_post_thumbnail":0},"categories":[1],"tags":[202],"_links":{"self":[{"href":"https:\/\/public.kantarpolska.com\/archiwumraportow\/wp-json\/wp\/v2\/posts\/7438"}],"collection":[{"href":"https:\/\/public.kantarpolska.com\/archiwumraportow\/wp-json\/wp\/v2\/posts"}],"about":[{"href":"https:\/\/public.kantarpolska.com\/archiwumraportow\/wp-json\/wp\/v2\/types\/post"}],"author":[{"embeddable":true,"href":"https:\/\/public.kantarpolska.com\/archiwumraportow\/wp-json\/wp\/v2\/users\/26"}],"replies":[{"embeddable":true,"href":"https:\/\/public.kantarpolska.com\/archiwumraportow\/wp-json\/wp\/v2\/comments?post=7438"}],"version-history":[{"count":1,"href":"https:\/\/public.kantarpolska.com\/archiwumraportow\/wp-json\/wp\/v2\/posts\/7438\/revisions"}],"predecessor-version":[{"id":7440,"href":"https:\/\/public.kantarpolska.com\/archiwumraportow\/wp-json\/wp\/v2\/posts\/7438\/revisions\/7440"}],"wp:attachment":[{"href":"https:\/\/public.kantarpolska.com\/archiwumraportow\/wp-json\/wp\/v2\/media?parent=7438"}],"wp:term":[{"taxonomy":"category","embeddable":true,"href":"https:\/\/public.kantarpolska.com\/archiwumraportow\/wp-json\/wp\/v2\/categories?post=7438"},{"taxonomy":"post_tag","embeddable":true,"href":"https:\/\/public.kantarpolska.com\/archiwumraportow\/wp-json\/wp\/v2\/tags?post=7438"}],"curies":[{"name":"wp","href":"https:\/\/api.w.org\/{rel}","templated":true}]}}