
{"id":7407,"date":"2020-01-24T14:23:06","date_gmt":"2020-01-24T14:23:06","guid":{"rendered":"https:\/\/www.tnsglobal.pl\/archiwumraportow\/?p=7407"},"modified":"2020-01-24T14:23:06","modified_gmt":"2020-01-24T14:23:06","slug":"preferencje-prezydenckie-styczen-2020","status":"publish","type":"post","link":"https:\/\/public.kantarpolska.com\/archiwumraportow\/2020\/01\/24\/preferencje-prezydenckie-styczen-2020\/","title":{"rendered":"Preferencje prezydenckie. Stycze\u0144 2020"},"content":{"rendered":"<p>Na pocz\u0105tku stycznia 2020 roku Kantar, w comiesi\u0119cznym badaniu Omnibus, prowadzonym technik\u0105 wywiad\u00f3w bezpo\u015brednich w domach respondent\u00f3w, zapyta\u0142 Polak\u00f3w o gotowo\u015b\u0107 uczestnictwa w wyborach prezydenckich, kt\u00f3re odb\u0119d\u0105 si\u0119 wiosn\u0105<!--more--> tego roku, a tak\u017ce o to na kt\u00f3rego kandydata oddadz\u0105 oni sw\u00f3j g\u0142os. Wyniki preferencji wyborczych w wyborach prezydenckich b\u0119d\u0105 ukazywa\u0107 si\u0119 co miesi\u0105c \u2013 do dnia, w kt\u00f3rym odb\u0119dzie si\u0119 pierwsza tura wybor\u00f3w.<\/p>\n","protected":false},"excerpt":{"rendered":"<p>Na pocz\u0105tku stycznia 2020 roku Kantar, w comiesi\u0119cznym badaniu Omnibus, prowadzonym technik\u0105 wywiad\u00f3w bezpo\u015brednich w domach respondent\u00f3w, zapyta\u0142 Polak\u00f3w o gotowo\u015b\u0107 uczestnictwa w wyborach prezydenckich, kt\u00f3re odb\u0119d\u0105 si\u0119 wiosn\u0105<\/p>\n","protected":false},"author":26,"featured_media":0,"comment_status":"closed","ping_status":"closed","sticky":false,"template":"","format":"standard","meta":{"ngg_post_thumbnail":0},"categories":[1],"tags":[201],"_links":{"self":[{"href":"https:\/\/public.kantarpolska.com\/archiwumraportow\/wp-json\/wp\/v2\/posts\/7407"}],"collection":[{"href":"https:\/\/public.kantarpolska.com\/archiwumraportow\/wp-json\/wp\/v2\/posts"}],"about":[{"href":"https:\/\/public.kantarpolska.com\/archiwumraportow\/wp-json\/wp\/v2\/types\/post"}],"author":[{"embeddable":true,"href":"https:\/\/public.kantarpolska.com\/archiwumraportow\/wp-json\/wp\/v2\/users\/26"}],"replies":[{"embeddable":true,"href":"https:\/\/public.kantarpolska.com\/archiwumraportow\/wp-json\/wp\/v2\/comments?post=7407"}],"version-history":[{"count":1,"href":"https:\/\/public.kantarpolska.com\/archiwumraportow\/wp-json\/wp\/v2\/posts\/7407\/revisions"}],"predecessor-version":[{"id":7409,"href":"https:\/\/public.kantarpolska.com\/archiwumraportow\/wp-json\/wp\/v2\/posts\/7407\/revisions\/7409"}],"wp:attachment":[{"href":"https:\/\/public.kantarpolska.com\/archiwumraportow\/wp-json\/wp\/v2\/media?parent=7407"}],"wp:term":[{"taxonomy":"category","embeddable":true,"href":"https:\/\/public.kantarpolska.com\/archiwumraportow\/wp-json\/wp\/v2\/categories?post=7407"},{"taxonomy":"post_tag","embeddable":true,"href":"https:\/\/public.kantarpolska.com\/archiwumraportow\/wp-json\/wp\/v2\/tags?post=7407"}],"curies":[{"name":"wp","href":"https:\/\/api.w.org\/{rel}","templated":true}]}}