
{"id":7404,"date":"2020-01-22T10:32:20","date_gmt":"2020-01-22T10:32:20","guid":{"rendered":"https:\/\/www.tnsglobal.pl\/archiwumraportow\/?p=7404"},"modified":"2020-01-22T10:32:20","modified_gmt":"2020-01-22T10:32:20","slug":"ocena-dzialalnosci-rzadu-premiera-i-prezydenta-styczen-2020","status":"publish","type":"post","link":"https:\/\/public.kantarpolska.com\/archiwumraportow\/2020\/01\/22\/ocena-dzialalnosci-rzadu-premiera-i-prezydenta-styczen-2020\/","title":{"rendered":"Ocena dzia\u0142alno\u015bci rz\u0105du, premiera i prezydenta. Stycze\u0144 2020"},"content":{"rendered":"<p>W styczniu 2020 roku Kantar przeprowadzi\u0142 comiesi\u0119czny sonda\u017c, w kt\u00f3rym Polacy poproszeni zostali o ocen\u0119 pracy rz\u0105du, urz\u0119du premiera Mateusza Morawieckiego oraz prezydenta Andrzeja Dudy. W raporcie opisane s\u0105 najnowsze wyniki oraz ich por\u00f3wnanie z <!--more-->danymi z poprzednich edycji badania.<\/p>\n","protected":false},"excerpt":{"rendered":"<p>W styczniu 2020 roku Kantar przeprowadzi\u0142 comiesi\u0119czny sonda\u017c, w kt\u00f3rym Polacy poproszeni zostali o ocen\u0119 pracy rz\u0105du, urz\u0119du premiera Mateusza Morawieckiego oraz prezydenta Andrzeja Dudy. W raporcie opisane s\u0105 najnowsze wyniki oraz ich por\u00f3wnanie z<\/p>\n","protected":false},"author":26,"featured_media":0,"comment_status":"closed","ping_status":"closed","sticky":false,"template":"","format":"standard","meta":{"ngg_post_thumbnail":0},"categories":[1],"tags":[156],"_links":{"self":[{"href":"https:\/\/public.kantarpolska.com\/archiwumraportow\/wp-json\/wp\/v2\/posts\/7404"}],"collection":[{"href":"https:\/\/public.kantarpolska.com\/archiwumraportow\/wp-json\/wp\/v2\/posts"}],"about":[{"href":"https:\/\/public.kantarpolska.com\/archiwumraportow\/wp-json\/wp\/v2\/types\/post"}],"author":[{"embeddable":true,"href":"https:\/\/public.kantarpolska.com\/archiwumraportow\/wp-json\/wp\/v2\/users\/26"}],"replies":[{"embeddable":true,"href":"https:\/\/public.kantarpolska.com\/archiwumraportow\/wp-json\/wp\/v2\/comments?post=7404"}],"version-history":[{"count":1,"href":"https:\/\/public.kantarpolska.com\/archiwumraportow\/wp-json\/wp\/v2\/posts\/7404\/revisions"}],"predecessor-version":[{"id":7406,"href":"https:\/\/public.kantarpolska.com\/archiwumraportow\/wp-json\/wp\/v2\/posts\/7404\/revisions\/7406"}],"wp:attachment":[{"href":"https:\/\/public.kantarpolska.com\/archiwumraportow\/wp-json\/wp\/v2\/media?parent=7404"}],"wp:term":[{"taxonomy":"category","embeddable":true,"href":"https:\/\/public.kantarpolska.com\/archiwumraportow\/wp-json\/wp\/v2\/categories?post=7404"},{"taxonomy":"post_tag","embeddable":true,"href":"https:\/\/public.kantarpolska.com\/archiwumraportow\/wp-json\/wp\/v2\/tags?post=7404"}],"curies":[{"name":"wp","href":"https:\/\/api.w.org\/{rel}","templated":true}]}}