
{"id":7391,"date":"2019-12-20T11:14:01","date_gmt":"2019-12-20T11:14:01","guid":{"rendered":"https:\/\/www.tnsglobal.pl\/archiwumraportow\/?p=7391"},"modified":"2019-12-20T11:14:01","modified_gmt":"2019-12-20T11:14:01","slug":"przyjecie-wspolnej-waluty-euro-grudzien-2019","status":"publish","type":"post","link":"https:\/\/public.kantarpolska.com\/archiwumraportow\/2019\/12\/20\/przyjecie-wspolnej-waluty-euro-grudzien-2019\/","title":{"rendered":"Przyj\u0119cie wsp\u00f3lnej waluty euro. Grudzie\u0144 2019"},"content":{"rendered":"<p>W grudniu 2019 roku Kantar zapyta\u0142 Polak\u00f3w o zdanie na temat wej\u015bcia naszego kraju do strefy euro.\u00a0Pytania odnosi\u0142y si\u0119 do og\u00f3lnej oceny wprowadzenia euro, preferowanej daty przyj\u0119cia wsp\u00f3lnej waluty europejskiej oraz przewidywanych konsekwencji zmiany waluty<!--more--> dla gospodarstw domowych, polskiej gospodarki, a tak\u017ce to\u017csamo\u015bci narodowej.\u00a0Komunikat prezentuje wyniki uzyskane w grudniu 2019 roku\u00a0i por\u00f3wnuje je z notowaniami z poprzednich edycji badania.<\/p>\n","protected":false},"excerpt":{"rendered":"<p>W grudniu 2019 roku Kantar zapyta\u0142 Polak\u00f3w o zdanie na temat wej\u015bcia naszego kraju do strefy euro.\u00a0Pytania odnosi\u0142y si\u0119 do og\u00f3lnej oceny wprowadzenia euro, preferowanej daty przyj\u0119cia wsp\u00f3lnej waluty europejskiej oraz przewidywanych konsekwencji zmiany waluty<\/p>\n","protected":false},"author":26,"featured_media":0,"comment_status":"closed","ping_status":"closed","sticky":false,"template":"","format":"standard","meta":{"ngg_post_thumbnail":0},"categories":[1],"tags":[166],"_links":{"self":[{"href":"https:\/\/public.kantarpolska.com\/archiwumraportow\/wp-json\/wp\/v2\/posts\/7391"}],"collection":[{"href":"https:\/\/public.kantarpolska.com\/archiwumraportow\/wp-json\/wp\/v2\/posts"}],"about":[{"href":"https:\/\/public.kantarpolska.com\/archiwumraportow\/wp-json\/wp\/v2\/types\/post"}],"author":[{"embeddable":true,"href":"https:\/\/public.kantarpolska.com\/archiwumraportow\/wp-json\/wp\/v2\/users\/26"}],"replies":[{"embeddable":true,"href":"https:\/\/public.kantarpolska.com\/archiwumraportow\/wp-json\/wp\/v2\/comments?post=7391"}],"version-history":[{"count":1,"href":"https:\/\/public.kantarpolska.com\/archiwumraportow\/wp-json\/wp\/v2\/posts\/7391\/revisions"}],"predecessor-version":[{"id":7393,"href":"https:\/\/public.kantarpolska.com\/archiwumraportow\/wp-json\/wp\/v2\/posts\/7391\/revisions\/7393"}],"wp:attachment":[{"href":"https:\/\/public.kantarpolska.com\/archiwumraportow\/wp-json\/wp\/v2\/media?parent=7391"}],"wp:term":[{"taxonomy":"category","embeddable":true,"href":"https:\/\/public.kantarpolska.com\/archiwumraportow\/wp-json\/wp\/v2\/categories?post=7391"},{"taxonomy":"post_tag","embeddable":true,"href":"https:\/\/public.kantarpolska.com\/archiwumraportow\/wp-json\/wp\/v2\/tags?post=7391"}],"curies":[{"name":"wp","href":"https:\/\/api.w.org\/{rel}","templated":true}]}}