
{"id":7336,"date":"2019-10-17T15:20:34","date_gmt":"2019-10-17T15:20:34","guid":{"rendered":"https:\/\/www.tnsglobal.pl\/archiwumraportow\/?p=7336"},"modified":"2019-10-18T10:55:08","modified_gmt":"2019-10-18T10:55:08","slug":"ocena-brexitu-w-europie-pazdziernik-2019","status":"publish","type":"post","link":"https:\/\/public.kantarpolska.com\/archiwumraportow\/2019\/10\/17\/ocena-brexitu-w-europie-pazdziernik-2019\/","title":{"rendered":"Ocena Brexitu w Europie. Pa\u017adziernik 2019"},"content":{"rendered":"<p>Zapraszamy do zapoznania si\u0119 z wynikami badania dotycz\u0105cymi postrzegania Brexitu przez mieszka\u0144c\u00f3w Francji, Niemiec, Holandii, Irlandii, Hiszpanii i Polski, kt\u00f3re pod koniec wrze\u015bnia, w ramach dzia\u0142a\u0144 \u201eCentre Kantar sur le Futur de L&#8217;Europe\u201d przeprowadzi\u0142 <!--more-->Kantar.<\/p>\n","protected":false},"excerpt":{"rendered":"<p>Zapraszamy do zapoznania si\u0119 z wynikami badania dotycz\u0105cymi postrzegania Brexitu przez mieszka\u0144c\u00f3w Francji, Niemiec, Holandii, Irlandii, Hiszpanii i Polski, kt\u00f3re pod koniec wrze\u015bnia, w ramach dzia\u0142a\u0144 \u201eCentre Kantar sur le Futur de L&#8217;Europe\u201d przeprowadzi\u0142<\/p>\n","protected":false},"author":26,"featured_media":0,"comment_status":"closed","ping_status":"closed","sticky":false,"template":"","format":"standard","meta":{"ngg_post_thumbnail":0},"categories":[1],"tags":[199],"_links":{"self":[{"href":"https:\/\/public.kantarpolska.com\/archiwumraportow\/wp-json\/wp\/v2\/posts\/7336"}],"collection":[{"href":"https:\/\/public.kantarpolska.com\/archiwumraportow\/wp-json\/wp\/v2\/posts"}],"about":[{"href":"https:\/\/public.kantarpolska.com\/archiwumraportow\/wp-json\/wp\/v2\/types\/post"}],"author":[{"embeddable":true,"href":"https:\/\/public.kantarpolska.com\/archiwumraportow\/wp-json\/wp\/v2\/users\/26"}],"replies":[{"embeddable":true,"href":"https:\/\/public.kantarpolska.com\/archiwumraportow\/wp-json\/wp\/v2\/comments?post=7336"}],"version-history":[{"count":2,"href":"https:\/\/public.kantarpolska.com\/archiwumraportow\/wp-json\/wp\/v2\/posts\/7336\/revisions"}],"predecessor-version":[{"id":7339,"href":"https:\/\/public.kantarpolska.com\/archiwumraportow\/wp-json\/wp\/v2\/posts\/7336\/revisions\/7339"}],"wp:attachment":[{"href":"https:\/\/public.kantarpolska.com\/archiwumraportow\/wp-json\/wp\/v2\/media?parent=7336"}],"wp:term":[{"taxonomy":"category","embeddable":true,"href":"https:\/\/public.kantarpolska.com\/archiwumraportow\/wp-json\/wp\/v2\/categories?post=7336"},{"taxonomy":"post_tag","embeddable":true,"href":"https:\/\/public.kantarpolska.com\/archiwumraportow\/wp-json\/wp\/v2\/tags?post=7336"}],"curies":[{"name":"wp","href":"https:\/\/api.w.org\/{rel}","templated":true}]}}