
{"id":7326,"date":"2019-09-25T15:40:55","date_gmt":"2019-09-25T15:40:55","guid":{"rendered":"https:\/\/www.tnsglobal.pl\/archiwumraportow\/?p=7326"},"modified":"2019-09-25T15:40:55","modified_gmt":"2019-09-25T15:40:55","slug":"wizerunek-polskiego-polityka-w-oczach-polakow-wrzesien-2019","status":"publish","type":"post","link":"https:\/\/public.kantarpolska.com\/archiwumraportow\/2019\/09\/25\/wizerunek-polskiego-polityka-w-oczach-polakow-wrzesien-2019\/","title":{"rendered":"Wizerunek polskiego polityka w oczach Polak\u00f3w. Wrzesie\u0144 2019"},"content":{"rendered":"<p>Politycy jako osoby publiczne, kt\u00f3rym powierzamy najwa\u017cniejsze decyzje na szczeblu pa\u0144stwowym, maj\u0105ce bezpo\u015bredni wp\u0142yw na \u017cycie ludzi, codziennie kreuj\u0105 sw\u00f3j wizerunek. Te dzia\u0142ania nabieraj\u0105 szczeg\u00f3lnego znaczenia w czasie trwania kampanii wyborczej. Jaki <!--more-->jest obraz klasy politycznej? Czy Polacy ufaj\u0105 politykom i uwa\u017caj\u0105, \u017ce s\u0105 oni rozwa\u017cnymi lud\u017ami, otwartymi na racje innych, czy te\u017c wr\u0119cz przeciwnie?<\/p>\n","protected":false},"excerpt":{"rendered":"<p>Politycy jako osoby publiczne, kt\u00f3rym powierzamy najwa\u017cniejsze decyzje na szczeblu pa\u0144stwowym, maj\u0105ce bezpo\u015bredni wp\u0142yw na \u017cycie ludzi, codziennie kreuj\u0105 sw\u00f3j wizerunek. Te dzia\u0142ania nabieraj\u0105 szczeg\u00f3lnego znaczenia w czasie trwania kampanii wyborczej. Jaki<\/p>\n","protected":false},"author":26,"featured_media":0,"comment_status":"closed","ping_status":"closed","sticky":false,"template":"","format":"standard","meta":{"ngg_post_thumbnail":0},"categories":[1],"tags":[197],"_links":{"self":[{"href":"https:\/\/public.kantarpolska.com\/archiwumraportow\/wp-json\/wp\/v2\/posts\/7326"}],"collection":[{"href":"https:\/\/public.kantarpolska.com\/archiwumraportow\/wp-json\/wp\/v2\/posts"}],"about":[{"href":"https:\/\/public.kantarpolska.com\/archiwumraportow\/wp-json\/wp\/v2\/types\/post"}],"author":[{"embeddable":true,"href":"https:\/\/public.kantarpolska.com\/archiwumraportow\/wp-json\/wp\/v2\/users\/26"}],"replies":[{"embeddable":true,"href":"https:\/\/public.kantarpolska.com\/archiwumraportow\/wp-json\/wp\/v2\/comments?post=7326"}],"version-history":[{"count":1,"href":"https:\/\/public.kantarpolska.com\/archiwumraportow\/wp-json\/wp\/v2\/posts\/7326\/revisions"}],"predecessor-version":[{"id":7328,"href":"https:\/\/public.kantarpolska.com\/archiwumraportow\/wp-json\/wp\/v2\/posts\/7326\/revisions\/7328"}],"wp:attachment":[{"href":"https:\/\/public.kantarpolska.com\/archiwumraportow\/wp-json\/wp\/v2\/media?parent=7326"}],"wp:term":[{"taxonomy":"category","embeddable":true,"href":"https:\/\/public.kantarpolska.com\/archiwumraportow\/wp-json\/wp\/v2\/categories?post=7326"},{"taxonomy":"post_tag","embeddable":true,"href":"https:\/\/public.kantarpolska.com\/archiwumraportow\/wp-json\/wp\/v2\/tags?post=7326"}],"curies":[{"name":"wp","href":"https:\/\/api.w.org\/{rel}","templated":true}]}}