
{"id":7322,"date":"2019-09-20T17:06:48","date_gmt":"2019-09-20T17:06:48","guid":{"rendered":"https:\/\/www.tnsglobal.pl\/archiwumraportow\/?p=7322"},"modified":"2019-09-20T17:06:48","modified_gmt":"2019-09-20T17:06:48","slug":"nastroje-spoleczne-polakow-wrzesien-2019","status":"publish","type":"post","link":"https:\/\/public.kantarpolska.com\/archiwumraportow\/2019\/09\/20\/nastroje-spoleczne-polakow-wrzesien-2019\/","title":{"rendered":"Nastroje spo\u0142eczne Polak\u00f3w. Wrzesie\u0144 2019"},"content":{"rendered":"<p>We wrze\u015bniu 2019 roku Kantar przeprowadzi\u0142 badanie nastroj\u00f3w spo\u0142ecznych. Polacy zostali zapytani o opini\u0119 na temat kierunku biegu spraw w naszym kraju, ocen\u0119 stanu polskiej gospodarki i prognoz\u0119 zmian sytuacji materialnej ludno\u015bci w ci\u0105gu najbli\u017cszych<!--more--> trzech lat, a tak\u017ce o ocen\u0119 mo\u017cliwo\u015bci znalezienia pracy w Polsce. W komunikacie prezentujemy wyniki uzyskane we wrze\u015bniu, zestawione z danymi z ostatnich miesi\u0119cy.<\/p>\n","protected":false},"excerpt":{"rendered":"<p>We wrze\u015bniu 2019 roku Kantar przeprowadzi\u0142 badanie nastroj\u00f3w spo\u0142ecznych. Polacy zostali zapytani o opini\u0119 na temat kierunku biegu spraw w naszym kraju, ocen\u0119 stanu polskiej gospodarki i prognoz\u0119 zmian sytuacji materialnej ludno\u015bci w ci\u0105gu najbli\u017cszych<\/p>\n","protected":false},"author":26,"featured_media":0,"comment_status":"closed","ping_status":"closed","sticky":false,"template":"","format":"standard","meta":{"ngg_post_thumbnail":0},"categories":[1],"tags":[157],"_links":{"self":[{"href":"https:\/\/public.kantarpolska.com\/archiwumraportow\/wp-json\/wp\/v2\/posts\/7322"}],"collection":[{"href":"https:\/\/public.kantarpolska.com\/archiwumraportow\/wp-json\/wp\/v2\/posts"}],"about":[{"href":"https:\/\/public.kantarpolska.com\/archiwumraportow\/wp-json\/wp\/v2\/types\/post"}],"author":[{"embeddable":true,"href":"https:\/\/public.kantarpolska.com\/archiwumraportow\/wp-json\/wp\/v2\/users\/26"}],"replies":[{"embeddable":true,"href":"https:\/\/public.kantarpolska.com\/archiwumraportow\/wp-json\/wp\/v2\/comments?post=7322"}],"version-history":[{"count":1,"href":"https:\/\/public.kantarpolska.com\/archiwumraportow\/wp-json\/wp\/v2\/posts\/7322\/revisions"}],"predecessor-version":[{"id":7325,"href":"https:\/\/public.kantarpolska.com\/archiwumraportow\/wp-json\/wp\/v2\/posts\/7322\/revisions\/7325"}],"wp:attachment":[{"href":"https:\/\/public.kantarpolska.com\/archiwumraportow\/wp-json\/wp\/v2\/media?parent=7322"}],"wp:term":[{"taxonomy":"category","embeddable":true,"href":"https:\/\/public.kantarpolska.com\/archiwumraportow\/wp-json\/wp\/v2\/categories?post=7322"},{"taxonomy":"post_tag","embeddable":true,"href":"https:\/\/public.kantarpolska.com\/archiwumraportow\/wp-json\/wp\/v2\/tags?post=7322"}],"curies":[{"name":"wp","href":"https:\/\/api.w.org\/{rel}","templated":true}]}}