
{"id":7318,"date":"2019-09-18T16:30:29","date_gmt":"2019-09-18T16:30:29","guid":{"rendered":"https:\/\/www.tnsglobal.pl\/archiwumraportow\/?p=7318"},"modified":"2019-09-18T16:30:29","modified_gmt":"2019-09-18T16:30:29","slug":"ocena-dzialalnosci-rzadu-premiera-i-prezydenta-wrzesien-2019","status":"publish","type":"post","link":"https:\/\/public.kantarpolska.com\/archiwumraportow\/2019\/09\/18\/ocena-dzialalnosci-rzadu-premiera-i-prezydenta-wrzesien-2019\/","title":{"rendered":"Ocena dzia\u0142alno\u015bci rz\u0105du, premiera i prezydenta. Wrzesie\u0144 2019"},"content":{"rendered":"<p>W po\u0142owie wrze\u015bnia 2019 roku Kantar przeprowadzi\u0142 cykliczny sonda\u017c, w kt\u00f3rym respondenci ocenili prac\u0119 rz\u0105du, premiera Mateusza Morawieckiego oraz prezydenta Andrzeja Dudy. W raporcie opisane s\u0105 najnowsze wyniki oraz ich por\u00f3wnanie<!--more--><br \/>\nz danymi z poprzednich miesi\u0119cy.<\/p>\n","protected":false},"excerpt":{"rendered":"<p>W po\u0142owie wrze\u015bnia 2019 roku Kantar przeprowadzi\u0142 cykliczny sonda\u017c, w kt\u00f3rym respondenci ocenili prac\u0119 rz\u0105du, premiera Mateusza Morawieckiego oraz prezydenta Andrzeja Dudy. W raporcie opisane s\u0105 najnowsze wyniki oraz ich por\u00f3wnanie<\/p>\n","protected":false},"author":26,"featured_media":0,"comment_status":"closed","ping_status":"closed","sticky":false,"template":"","format":"standard","meta":{"ngg_post_thumbnail":0},"categories":[1],"tags":[156],"_links":{"self":[{"href":"https:\/\/public.kantarpolska.com\/archiwumraportow\/wp-json\/wp\/v2\/posts\/7318"}],"collection":[{"href":"https:\/\/public.kantarpolska.com\/archiwumraportow\/wp-json\/wp\/v2\/posts"}],"about":[{"href":"https:\/\/public.kantarpolska.com\/archiwumraportow\/wp-json\/wp\/v2\/types\/post"}],"author":[{"embeddable":true,"href":"https:\/\/public.kantarpolska.com\/archiwumraportow\/wp-json\/wp\/v2\/users\/26"}],"replies":[{"embeddable":true,"href":"https:\/\/public.kantarpolska.com\/archiwumraportow\/wp-json\/wp\/v2\/comments?post=7318"}],"version-history":[{"count":1,"href":"https:\/\/public.kantarpolska.com\/archiwumraportow\/wp-json\/wp\/v2\/posts\/7318\/revisions"}],"predecessor-version":[{"id":7321,"href":"https:\/\/public.kantarpolska.com\/archiwumraportow\/wp-json\/wp\/v2\/posts\/7318\/revisions\/7321"}],"wp:attachment":[{"href":"https:\/\/public.kantarpolska.com\/archiwumraportow\/wp-json\/wp\/v2\/media?parent=7318"}],"wp:term":[{"taxonomy":"category","embeddable":true,"href":"https:\/\/public.kantarpolska.com\/archiwumraportow\/wp-json\/wp\/v2\/categories?post=7318"},{"taxonomy":"post_tag","embeddable":true,"href":"https:\/\/public.kantarpolska.com\/archiwumraportow\/wp-json\/wp\/v2\/tags?post=7318"}],"curies":[{"name":"wp","href":"https:\/\/api.w.org\/{rel}","templated":true}]}}