
{"id":7314,"date":"2019-09-17T09:40:01","date_gmt":"2019-09-17T09:40:01","guid":{"rendered":"https:\/\/www.tnsglobal.pl\/archiwumraportow\/?p=7314"},"modified":"2019-09-17T09:40:01","modified_gmt":"2019-09-17T09:40:01","slug":"preferencje-partyjne-polakow-wrzesien-2019","status":"publish","type":"post","link":"https:\/\/public.kantarpolska.com\/archiwumraportow\/2019\/09\/17\/preferencje-partyjne-polakow-wrzesien-2019\/","title":{"rendered":"Preferencje partyjne Polak\u00f3w. Wrzesie\u0144 2019"},"content":{"rendered":"<p>W pierwszej po\u0142owie wrze\u015bnia 2019 roku Kantar w comiesi\u0119cznym badaniu Omnibus, prowadzonym technik\u0105 wywiad\u00f3w bezpo\u015brednich w domach respondent\u00f3w, zapyta\u0142 Polak\u00f3w o ewentualn\u0105 gotowo\u015b\u0107 uczestnictwa w wyborach do Sejmu, a tak\u017ce o spos\u00f3b<!--more--> g\u0142osowania w takich wyborach. Niniejszy raport przedstawia wyniki z wrze\u015bnia oraz ich por\u00f3wnanie z danymi z poprzednich pomiar\u00f3w.<\/p>\n","protected":false},"excerpt":{"rendered":"<p>W pierwszej po\u0142owie wrze\u015bnia 2019 roku Kantar w comiesi\u0119cznym badaniu Omnibus, prowadzonym technik\u0105 wywiad\u00f3w bezpo\u015brednich w domach respondent\u00f3w, zapyta\u0142 Polak\u00f3w o ewentualn\u0105 gotowo\u015b\u0107 uczestnictwa w wyborach do Sejmu, a tak\u017ce o spos\u00f3b<\/p>\n","protected":false},"author":26,"featured_media":0,"comment_status":"closed","ping_status":"closed","sticky":false,"template":"","format":"standard","meta":{"ngg_post_thumbnail":0},"categories":[1],"tags":[167],"_links":{"self":[{"href":"https:\/\/public.kantarpolska.com\/archiwumraportow\/wp-json\/wp\/v2\/posts\/7314"}],"collection":[{"href":"https:\/\/public.kantarpolska.com\/archiwumraportow\/wp-json\/wp\/v2\/posts"}],"about":[{"href":"https:\/\/public.kantarpolska.com\/archiwumraportow\/wp-json\/wp\/v2\/types\/post"}],"author":[{"embeddable":true,"href":"https:\/\/public.kantarpolska.com\/archiwumraportow\/wp-json\/wp\/v2\/users\/26"}],"replies":[{"embeddable":true,"href":"https:\/\/public.kantarpolska.com\/archiwumraportow\/wp-json\/wp\/v2\/comments?post=7314"}],"version-history":[{"count":1,"href":"https:\/\/public.kantarpolska.com\/archiwumraportow\/wp-json\/wp\/v2\/posts\/7314\/revisions"}],"predecessor-version":[{"id":7316,"href":"https:\/\/public.kantarpolska.com\/archiwumraportow\/wp-json\/wp\/v2\/posts\/7314\/revisions\/7316"}],"wp:attachment":[{"href":"https:\/\/public.kantarpolska.com\/archiwumraportow\/wp-json\/wp\/v2\/media?parent=7314"}],"wp:term":[{"taxonomy":"category","embeddable":true,"href":"https:\/\/public.kantarpolska.com\/archiwumraportow\/wp-json\/wp\/v2\/categories?post=7314"},{"taxonomy":"post_tag","embeddable":true,"href":"https:\/\/public.kantarpolska.com\/archiwumraportow\/wp-json\/wp\/v2\/tags?post=7314"}],"curies":[{"name":"wp","href":"https:\/\/api.w.org\/{rel}","templated":true}]}}