
{"id":7309,"date":"2019-09-12T15:39:39","date_gmt":"2019-09-12T15:39:39","guid":{"rendered":"https:\/\/www.tnsglobal.pl\/archiwumraportow\/?p=7309"},"modified":"2019-09-12T15:39:39","modified_gmt":"2019-09-12T15:39:39","slug":"kantar-consumer-index-sierpien-2019","status":"publish","type":"post","link":"https:\/\/public.kantarpolska.com\/archiwumraportow\/2019\/09\/12\/kantar-consumer-index-sierpien-2019\/","title":{"rendered":"Kantar Consumer Index. Sierpie\u0144 2019"},"content":{"rendered":"<p>Kantar w ka\u017cdym miesi\u0105cu bada nastroje ekonomiczne Polak\u00f3w. Takie badanie przeprowadzono tak\u017ce w sierpniu.\u00a0Respondent\u00f3w zapytano o opinie na temat sytuacji ekonomicznej kraju oraz gospodarstw domowych. W komunikacie zaprezentowane zosta\u0142y<!--more--> bie\u017c\u0105ce wyniki oraz ich zestawienie z notowaniami z ostatnich miesi\u0119cy.<\/p>\n","protected":false},"excerpt":{"rendered":"<p>Kantar w ka\u017cdym miesi\u0105cu bada nastroje ekonomiczne Polak\u00f3w. Takie badanie przeprowadzono tak\u017ce w sierpniu.\u00a0Respondent\u00f3w zapytano o opinie na temat sytuacji ekonomicznej kraju oraz gospodarstw domowych. W komunikacie zaprezentowane zosta\u0142y<\/p>\n","protected":false},"author":26,"featured_media":0,"comment_status":"closed","ping_status":"closed","sticky":false,"template":"","format":"standard","meta":{"ngg_post_thumbnail":0},"categories":[1],"tags":[190],"_links":{"self":[{"href":"https:\/\/public.kantarpolska.com\/archiwumraportow\/wp-json\/wp\/v2\/posts\/7309"}],"collection":[{"href":"https:\/\/public.kantarpolska.com\/archiwumraportow\/wp-json\/wp\/v2\/posts"}],"about":[{"href":"https:\/\/public.kantarpolska.com\/archiwumraportow\/wp-json\/wp\/v2\/types\/post"}],"author":[{"embeddable":true,"href":"https:\/\/public.kantarpolska.com\/archiwumraportow\/wp-json\/wp\/v2\/users\/26"}],"replies":[{"embeddable":true,"href":"https:\/\/public.kantarpolska.com\/archiwumraportow\/wp-json\/wp\/v2\/comments?post=7309"}],"version-history":[{"count":1,"href":"https:\/\/public.kantarpolska.com\/archiwumraportow\/wp-json\/wp\/v2\/posts\/7309\/revisions"}],"predecessor-version":[{"id":7312,"href":"https:\/\/public.kantarpolska.com\/archiwumraportow\/wp-json\/wp\/v2\/posts\/7309\/revisions\/7312"}],"wp:attachment":[{"href":"https:\/\/public.kantarpolska.com\/archiwumraportow\/wp-json\/wp\/v2\/media?parent=7309"}],"wp:term":[{"taxonomy":"category","embeddable":true,"href":"https:\/\/public.kantarpolska.com\/archiwumraportow\/wp-json\/wp\/v2\/categories?post=7309"},{"taxonomy":"post_tag","embeddable":true,"href":"https:\/\/public.kantarpolska.com\/archiwumraportow\/wp-json\/wp\/v2\/tags?post=7309"}],"curies":[{"name":"wp","href":"https:\/\/api.w.org\/{rel}","templated":true}]}}