
{"id":7281,"date":"2019-07-17T10:24:44","date_gmt":"2019-07-17T10:24:44","guid":{"rendered":"https:\/\/www.tnsglobal.pl\/archiwumraportow\/?p=7281"},"modified":"2019-07-17T10:24:44","modified_gmt":"2019-07-17T10:24:44","slug":"obowiazki-w-polskich-gospodarstwach-domowych-czerwiec-2019","status":"publish","type":"post","link":"https:\/\/public.kantarpolska.com\/archiwumraportow\/2019\/07\/17\/obowiazki-w-polskich-gospodarstwach-domowych-czerwiec-2019\/","title":{"rendered":"Obowi\u0105zki w polskich gospodarstwach domowych. Czerwiec 2019"},"content":{"rendered":"<p>Obowi\u0105zki domowe towarzysz\u0105 nam ka\u017cdego dnia. S\u0105 to zaj\u0119cia, kt\u00f3re mo\u017cemy jednak wykonywa\u0107 z wi\u0119kszym lub mniejszym entuzjazmem. Kt\u00f3re z nich Polacy wykonuj\u0105 z przyjemno\u015bci\u0105, a kt\u00f3re wzbudzaj\u0105 w nich wy\u0142\u0105cznie negatywne odczucia? W po\u0142owie<!--more--> czerwca Kantar przeprowadzi\u0142 badanie, podczas kt\u00f3rego przedstawiona im zosta\u0142a lista obowi\u0105zk\u00f3w, kt\u00f3re oni ocenili pod wzgl\u0119dem tego, czy jest to ich najbardziej, czy najmniej lubiana czynno\u015b\u0107 wykonywana w domu.<\/p>\n","protected":false},"excerpt":{"rendered":"<p>Obowi\u0105zki domowe towarzysz\u0105 nam ka\u017cdego dnia. S\u0105 to zaj\u0119cia, kt\u00f3re mo\u017cemy jednak wykonywa\u0107 z wi\u0119kszym lub mniejszym entuzjazmem. Kt\u00f3re z nich Polacy wykonuj\u0105 z przyjemno\u015bci\u0105, a kt\u00f3re wzbudzaj\u0105 w nich wy\u0142\u0105cznie negatywne odczucia? W po\u0142owie<\/p>\n","protected":false},"author":26,"featured_media":0,"comment_status":"closed","ping_status":"closed","sticky":false,"template":"","format":"standard","meta":{"ngg_post_thumbnail":0},"categories":[1],"tags":[196],"_links":{"self":[{"href":"https:\/\/public.kantarpolska.com\/archiwumraportow\/wp-json\/wp\/v2\/posts\/7281"}],"collection":[{"href":"https:\/\/public.kantarpolska.com\/archiwumraportow\/wp-json\/wp\/v2\/posts"}],"about":[{"href":"https:\/\/public.kantarpolska.com\/archiwumraportow\/wp-json\/wp\/v2\/types\/post"}],"author":[{"embeddable":true,"href":"https:\/\/public.kantarpolska.com\/archiwumraportow\/wp-json\/wp\/v2\/users\/26"}],"replies":[{"embeddable":true,"href":"https:\/\/public.kantarpolska.com\/archiwumraportow\/wp-json\/wp\/v2\/comments?post=7281"}],"version-history":[{"count":1,"href":"https:\/\/public.kantarpolska.com\/archiwumraportow\/wp-json\/wp\/v2\/posts\/7281\/revisions"}],"predecessor-version":[{"id":7283,"href":"https:\/\/public.kantarpolska.com\/archiwumraportow\/wp-json\/wp\/v2\/posts\/7281\/revisions\/7283"}],"wp:attachment":[{"href":"https:\/\/public.kantarpolska.com\/archiwumraportow\/wp-json\/wp\/v2\/media?parent=7281"}],"wp:term":[{"taxonomy":"category","embeddable":true,"href":"https:\/\/public.kantarpolska.com\/archiwumraportow\/wp-json\/wp\/v2\/categories?post=7281"},{"taxonomy":"post_tag","embeddable":true,"href":"https:\/\/public.kantarpolska.com\/archiwumraportow\/wp-json\/wp\/v2\/tags?post=7281"}],"curies":[{"name":"wp","href":"https:\/\/api.w.org\/{rel}","templated":true}]}}