
{"id":7265,"date":"2019-06-13T15:46:48","date_gmt":"2019-06-13T15:46:48","guid":{"rendered":"https:\/\/www.tnsglobal.pl\/archiwumraportow\/?p=7265"},"modified":"2019-06-13T15:46:48","modified_gmt":"2019-06-13T15:46:48","slug":"zycie-zawodowe-zycie-prywatne-work-life-balance-czerwiec-2019","status":"publish","type":"post","link":"https:\/\/public.kantarpolska.com\/archiwumraportow\/2019\/06\/13\/zycie-zawodowe-zycie-prywatne-work-life-balance-czerwiec-2019\/","title":{"rendered":"\u017bycie zawodowe, \u017cycie prywatne &#8211; work-life balance. Czerwiec 2019"},"content":{"rendered":"<p>W og\u00f3lnoeuropejskim badaniu Eurobarometr, przeprowadzanym regularnie przez Kantar na zlecenie Komisji Europejskiej, na prze\u0142omie czerwca i lipca 2018 roku poruszone zosta\u0142y tematy zwi\u0105zane z work-life balance. Respondent\u00f3w z Polski oraz wszystkich 28<!--more--> kraj\u00f3w Wsp\u00f3lnoty zapytano o to, jak godz\u0105 \u017cycie zawodowe z osobistym.<\/p>\n","protected":false},"excerpt":{"rendered":"<p>W og\u00f3lnoeuropejskim badaniu Eurobarometr, przeprowadzanym regularnie przez Kantar na zlecenie Komisji Europejskiej, na prze\u0142omie czerwca i lipca 2018 roku poruszone zosta\u0142y tematy zwi\u0105zane z work-life balance. Respondent\u00f3w z Polski oraz wszystkich 28<\/p>\n","protected":false},"author":26,"featured_media":0,"comment_status":"closed","ping_status":"closed","sticky":false,"template":"","format":"standard","meta":{"ngg_post_thumbnail":0},"categories":[1],"tags":[195],"_links":{"self":[{"href":"https:\/\/public.kantarpolska.com\/archiwumraportow\/wp-json\/wp\/v2\/posts\/7265"}],"collection":[{"href":"https:\/\/public.kantarpolska.com\/archiwumraportow\/wp-json\/wp\/v2\/posts"}],"about":[{"href":"https:\/\/public.kantarpolska.com\/archiwumraportow\/wp-json\/wp\/v2\/types\/post"}],"author":[{"embeddable":true,"href":"https:\/\/public.kantarpolska.com\/archiwumraportow\/wp-json\/wp\/v2\/users\/26"}],"replies":[{"embeddable":true,"href":"https:\/\/public.kantarpolska.com\/archiwumraportow\/wp-json\/wp\/v2\/comments?post=7265"}],"version-history":[{"count":1,"href":"https:\/\/public.kantarpolska.com\/archiwumraportow\/wp-json\/wp\/v2\/posts\/7265\/revisions"}],"predecessor-version":[{"id":7267,"href":"https:\/\/public.kantarpolska.com\/archiwumraportow\/wp-json\/wp\/v2\/posts\/7265\/revisions\/7267"}],"wp:attachment":[{"href":"https:\/\/public.kantarpolska.com\/archiwumraportow\/wp-json\/wp\/v2\/media?parent=7265"}],"wp:term":[{"taxonomy":"category","embeddable":true,"href":"https:\/\/public.kantarpolska.com\/archiwumraportow\/wp-json\/wp\/v2\/categories?post=7265"},{"taxonomy":"post_tag","embeddable":true,"href":"https:\/\/public.kantarpolska.com\/archiwumraportow\/wp-json\/wp\/v2\/tags?post=7265"}],"curies":[{"name":"wp","href":"https:\/\/api.w.org\/{rel}","templated":true}]}}