
{"id":7262,"date":"2019-06-13T15:44:20","date_gmt":"2019-06-13T15:44:20","guid":{"rendered":"https:\/\/www.tnsglobal.pl\/archiwumraportow\/?p=7262"},"modified":"2019-06-13T15:44:20","modified_gmt":"2019-06-13T15:44:20","slug":"nastroje-spoleczne-polakow-w-1989-roku-wyniki-wybranych-badan-czerwiec-2019","status":"publish","type":"post","link":"https:\/\/public.kantarpolska.com\/archiwumraportow\/2019\/06\/13\/nastroje-spoleczne-polakow-w-1989-roku-wyniki-wybranych-badan-czerwiec-2019\/","title":{"rendered":"Nastroje spo\u0142eczne Polak\u00f3w w 1989 roku \u2013 wyniki wybranych bada\u0144. Czerwiec 2019"},"content":{"rendered":"<p>4 czerwca 2019 roku obchodzimy 30. rocznic\u0119 pierwszych po II wojnie \u015bwiatowej, cz\u0119\u015bciowo wolnych wybor\u00f3w do Sejmu i Senatu. O atmosferze tamtego czasu opowiedz\u0105 nam wyniki bada\u0144 opinii publicznej zrealizowanych w 1989 roku.\u00a0Analizuj\u0105c dane <!--more-->historyczne, warto przywo\u0142a\u0107 nie tylko realizowane sonda\u017ce preferencji politycznych, ale tak\u017ce odpowiedzi na pytania, kt\u00f3re opisuj\u0105 nastroje spo\u0142eczne panuj\u0105ce w tamtym okresie: nadzieje na lepsz\u0105 przysz\u0142o\u015b\u0107, zar\u00f3wno pod k\u0105tem polityki wewn\u0119trznej oraz zagranicznej, jak i sytuacji ekonomicznej, ale tak\u017ce obawy, wynikaj\u0105ce przede wszystkim z sytuacji gospodarczej i trudno\u015bci materialnych przeci\u0119tnego Polaka.<\/p>\n","protected":false},"excerpt":{"rendered":"<p>4 czerwca 2019 roku obchodzimy 30. rocznic\u0119 pierwszych po II wojnie \u015bwiatowej, cz\u0119\u015bciowo wolnych wybor\u00f3w do Sejmu i Senatu. O atmosferze tamtego czasu opowiedz\u0105 nam wyniki bada\u0144 opinii publicznej zrealizowanych w 1989 roku.\u00a0Analizuj\u0105c dane<\/p>\n","protected":false},"author":26,"featured_media":0,"comment_status":"closed","ping_status":"closed","sticky":false,"template":"","format":"standard","meta":{"ngg_post_thumbnail":0},"categories":[1],"tags":[194],"_links":{"self":[{"href":"https:\/\/public.kantarpolska.com\/archiwumraportow\/wp-json\/wp\/v2\/posts\/7262"}],"collection":[{"href":"https:\/\/public.kantarpolska.com\/archiwumraportow\/wp-json\/wp\/v2\/posts"}],"about":[{"href":"https:\/\/public.kantarpolska.com\/archiwumraportow\/wp-json\/wp\/v2\/types\/post"}],"author":[{"embeddable":true,"href":"https:\/\/public.kantarpolska.com\/archiwumraportow\/wp-json\/wp\/v2\/users\/26"}],"replies":[{"embeddable":true,"href":"https:\/\/public.kantarpolska.com\/archiwumraportow\/wp-json\/wp\/v2\/comments?post=7262"}],"version-history":[{"count":1,"href":"https:\/\/public.kantarpolska.com\/archiwumraportow\/wp-json\/wp\/v2\/posts\/7262\/revisions"}],"predecessor-version":[{"id":7264,"href":"https:\/\/public.kantarpolska.com\/archiwumraportow\/wp-json\/wp\/v2\/posts\/7262\/revisions\/7264"}],"wp:attachment":[{"href":"https:\/\/public.kantarpolska.com\/archiwumraportow\/wp-json\/wp\/v2\/media?parent=7262"}],"wp:term":[{"taxonomy":"category","embeddable":true,"href":"https:\/\/public.kantarpolska.com\/archiwumraportow\/wp-json\/wp\/v2\/categories?post=7262"},{"taxonomy":"post_tag","embeddable":true,"href":"https:\/\/public.kantarpolska.com\/archiwumraportow\/wp-json\/wp\/v2\/tags?post=7262"}],"curies":[{"name":"wp","href":"https:\/\/api.w.org\/{rel}","templated":true}]}}