
{"id":7259,"date":"2019-06-13T15:41:34","date_gmt":"2019-06-13T15:41:34","guid":{"rendered":"https:\/\/www.tnsglobal.pl\/archiwumraportow\/?p=7259"},"modified":"2019-06-13T15:41:34","modified_gmt":"2019-06-13T15:41:34","slug":"uczestnictwo-polakow-w-wydarzeniach-kulturalnych-maj-2019","status":"publish","type":"post","link":"https:\/\/public.kantarpolska.com\/archiwumraportow\/2019\/06\/13\/uczestnictwo-polakow-w-wydarzeniach-kulturalnych-maj-2019\/","title":{"rendered":"Uczestnictwo Polak\u00f3w w wydarzeniach kulturalnych. Maj 2019"},"content":{"rendered":"<p>Ponad po\u0142owa Polak\u00f3w w ubieg\u0142ym roku bra\u0142a udzia\u0142 w przynajmniej jednej aktywno\u015bci kulturalnej spo\u015br\u00f3d wymienionych: wyj\u015bcie do kina, teatru czy na koncert, wystaw\u0119 lub na imprez\u0119 sportow\u0105. Najbardziej popularn\u0105 aktywno\u015bci\u0105 kulturaln\u0105 w\u015br\u00f3d Polak\u00f3w jest <!--more-->kino. Nieco rzadziej bior\u0105 udzia\u0142 w koncertach lub wydarzeniach sportowych. Najmniejsz\u0105 popularno\u015bci\u0105 cieszy si\u0119 odwiedzanie wystaw oraz ogl\u0105danie sztuk w teatrach.<\/p>\n","protected":false},"excerpt":{"rendered":"<p>Ponad po\u0142owa Polak\u00f3w w ubieg\u0142ym roku bra\u0142a udzia\u0142 w przynajmniej jednej aktywno\u015bci kulturalnej spo\u015br\u00f3d wymienionych: wyj\u015bcie do kina, teatru czy na koncert, wystaw\u0119 lub na imprez\u0119 sportow\u0105. Najbardziej popularn\u0105 aktywno\u015bci\u0105 kulturaln\u0105 w\u015br\u00f3d Polak\u00f3w jest<\/p>\n","protected":false},"author":26,"featured_media":0,"comment_status":"closed","ping_status":"closed","sticky":false,"template":"","format":"standard","meta":{"ngg_post_thumbnail":0},"categories":[1],"tags":[193],"_links":{"self":[{"href":"https:\/\/public.kantarpolska.com\/archiwumraportow\/wp-json\/wp\/v2\/posts\/7259"}],"collection":[{"href":"https:\/\/public.kantarpolska.com\/archiwumraportow\/wp-json\/wp\/v2\/posts"}],"about":[{"href":"https:\/\/public.kantarpolska.com\/archiwumraportow\/wp-json\/wp\/v2\/types\/post"}],"author":[{"embeddable":true,"href":"https:\/\/public.kantarpolska.com\/archiwumraportow\/wp-json\/wp\/v2\/users\/26"}],"replies":[{"embeddable":true,"href":"https:\/\/public.kantarpolska.com\/archiwumraportow\/wp-json\/wp\/v2\/comments?post=7259"}],"version-history":[{"count":1,"href":"https:\/\/public.kantarpolska.com\/archiwumraportow\/wp-json\/wp\/v2\/posts\/7259\/revisions"}],"predecessor-version":[{"id":7261,"href":"https:\/\/public.kantarpolska.com\/archiwumraportow\/wp-json\/wp\/v2\/posts\/7259\/revisions\/7261"}],"wp:attachment":[{"href":"https:\/\/public.kantarpolska.com\/archiwumraportow\/wp-json\/wp\/v2\/media?parent=7259"}],"wp:term":[{"taxonomy":"category","embeddable":true,"href":"https:\/\/public.kantarpolska.com\/archiwumraportow\/wp-json\/wp\/v2\/categories?post=7259"},{"taxonomy":"post_tag","embeddable":true,"href":"https:\/\/public.kantarpolska.com\/archiwumraportow\/wp-json\/wp\/v2\/tags?post=7259"}],"curies":[{"name":"wp","href":"https:\/\/api.w.org\/{rel}","templated":true}]}}