
{"id":7239,"date":"2019-05-17T13:47:47","date_gmt":"2019-05-17T13:47:47","guid":{"rendered":"https:\/\/www.tnsglobal.pl\/archiwumraportow\/?p=7239"},"modified":"2019-05-17T13:47:47","modified_gmt":"2019-05-17T13:47:47","slug":"preferencje-partyjne-polakow-maj-2019","status":"publish","type":"post","link":"https:\/\/public.kantarpolska.com\/archiwumraportow\/2019\/05\/17\/preferencje-partyjne-polakow-maj-2019\/","title":{"rendered":"Preferencje partyjne Polak\u00f3w. Maj 2019"},"content":{"rendered":"<p>W pierwszej po\u0142owie maja 2019 roku Kantar w comiesi\u0119cznym badaniu Omnibus, prowadzonym technik\u0105 wywiad\u00f3w bezpo\u015brednich w domach respondent\u00f3w, zapyta\u0142 Polak\u00f3w o ewentualn\u0105 gotowo\u015b\u0107 uczestnictwa w wyborach do Sejmu oraz do Parlamentu <!--more-->Europejskiego, a tak\u017ce o spos\u00f3b g\u0142osowania w takich wyborach. Niniejszy raport przedstawia wyniki z maja oraz ich por\u00f3wnanie z danymi z poprzednich pomiar\u00f3w.<\/p>\n","protected":false},"excerpt":{"rendered":"<p>W pierwszej po\u0142owie maja 2019 roku Kantar w comiesi\u0119cznym badaniu Omnibus, prowadzonym technik\u0105 wywiad\u00f3w bezpo\u015brednich w domach respondent\u00f3w, zapyta\u0142 Polak\u00f3w o ewentualn\u0105 gotowo\u015b\u0107 uczestnictwa w wyborach do Sejmu oraz do Parlamentu<\/p>\n","protected":false},"author":26,"featured_media":0,"comment_status":"closed","ping_status":"closed","sticky":false,"template":"","format":"standard","meta":{"ngg_post_thumbnail":0},"categories":[1],"tags":[167],"_links":{"self":[{"href":"https:\/\/public.kantarpolska.com\/archiwumraportow\/wp-json\/wp\/v2\/posts\/7239"}],"collection":[{"href":"https:\/\/public.kantarpolska.com\/archiwumraportow\/wp-json\/wp\/v2\/posts"}],"about":[{"href":"https:\/\/public.kantarpolska.com\/archiwumraportow\/wp-json\/wp\/v2\/types\/post"}],"author":[{"embeddable":true,"href":"https:\/\/public.kantarpolska.com\/archiwumraportow\/wp-json\/wp\/v2\/users\/26"}],"replies":[{"embeddable":true,"href":"https:\/\/public.kantarpolska.com\/archiwumraportow\/wp-json\/wp\/v2\/comments?post=7239"}],"version-history":[{"count":1,"href":"https:\/\/public.kantarpolska.com\/archiwumraportow\/wp-json\/wp\/v2\/posts\/7239\/revisions"}],"predecessor-version":[{"id":7242,"href":"https:\/\/public.kantarpolska.com\/archiwumraportow\/wp-json\/wp\/v2\/posts\/7239\/revisions\/7242"}],"wp:attachment":[{"href":"https:\/\/public.kantarpolska.com\/archiwumraportow\/wp-json\/wp\/v2\/media?parent=7239"}],"wp:term":[{"taxonomy":"category","embeddable":true,"href":"https:\/\/public.kantarpolska.com\/archiwumraportow\/wp-json\/wp\/v2\/categories?post=7239"},{"taxonomy":"post_tag","embeddable":true,"href":"https:\/\/public.kantarpolska.com\/archiwumraportow\/wp-json\/wp\/v2\/tags?post=7239"}],"curies":[{"name":"wp","href":"https:\/\/api.w.org\/{rel}","templated":true}]}}