
{"id":7202,"date":"2019-02-21T11:10:00","date_gmt":"2019-02-21T11:10:00","guid":{"rendered":"https:\/\/www.tnsglobal.pl\/archiwumraportow\/?p=7202"},"modified":"2019-02-21T11:10:00","modified_gmt":"2019-02-21T11:10:00","slug":"preferencje-polakow-w-wyborach-do-parlamentu-europejskiego-luty-2019","status":"publish","type":"post","link":"https:\/\/public.kantarpolska.com\/archiwumraportow\/2019\/02\/21\/preferencje-polakow-w-wyborach-do-parlamentu-europejskiego-luty-2019\/","title":{"rendered":"Preferencje Polak\u00f3w w wyborach do Parlamentu Europejskiego. Luty 2019"},"content":{"rendered":"<p>W zwi\u0105zku z tegorocznymi wyborami do Parlamentu Europejskiego, Kantar Public (dawniej Zesp\u00f3\u0142 Bada\u0144 Spo\u0142ecznych TNS Polska), w swoim cyklicznym, comiesi\u0119cznym badaniu Omnibus, prowadzonym technik\u0105 wywiad\u00f3w bezpo\u015brednich w domach<!--more--> respondent\u00f3w, zapyta\u0142 Polak\u00f3w o gotowo\u015b\u0107 uczestnictwa w tych wyborach oraz o to, na kt\u00f3r\u0105 parti\u0119 lub ugrupowanie oddadz\u0105 sw\u00f3j g\u0142os. Niniejszy raport przedstawia wyniki zebrane w pierwszej po\u0142owie lutego 2019.<\/p>\n","protected":false},"excerpt":{"rendered":"<p>W zwi\u0105zku z tegorocznymi wyborami do Parlamentu Europejskiego, Kantar Public (dawniej Zesp\u00f3\u0142 Bada\u0144 Spo\u0142ecznych TNS Polska), w swoim cyklicznym, comiesi\u0119cznym badaniu Omnibus, prowadzonym technik\u0105 wywiad\u00f3w bezpo\u015brednich w domach<\/p>\n","protected":false},"author":26,"featured_media":0,"comment_status":"closed","ping_status":"closed","sticky":false,"template":"","format":"standard","meta":{"ngg_post_thumbnail":0},"categories":[1],"tags":[188],"_links":{"self":[{"href":"https:\/\/public.kantarpolska.com\/archiwumraportow\/wp-json\/wp\/v2\/posts\/7202"}],"collection":[{"href":"https:\/\/public.kantarpolska.com\/archiwumraportow\/wp-json\/wp\/v2\/posts"}],"about":[{"href":"https:\/\/public.kantarpolska.com\/archiwumraportow\/wp-json\/wp\/v2\/types\/post"}],"author":[{"embeddable":true,"href":"https:\/\/public.kantarpolska.com\/archiwumraportow\/wp-json\/wp\/v2\/users\/26"}],"replies":[{"embeddable":true,"href":"https:\/\/public.kantarpolska.com\/archiwumraportow\/wp-json\/wp\/v2\/comments?post=7202"}],"version-history":[{"count":1,"href":"https:\/\/public.kantarpolska.com\/archiwumraportow\/wp-json\/wp\/v2\/posts\/7202\/revisions"}],"predecessor-version":[{"id":7204,"href":"https:\/\/public.kantarpolska.com\/archiwumraportow\/wp-json\/wp\/v2\/posts\/7202\/revisions\/7204"}],"wp:attachment":[{"href":"https:\/\/public.kantarpolska.com\/archiwumraportow\/wp-json\/wp\/v2\/media?parent=7202"}],"wp:term":[{"taxonomy":"category","embeddable":true,"href":"https:\/\/public.kantarpolska.com\/archiwumraportow\/wp-json\/wp\/v2\/categories?post=7202"},{"taxonomy":"post_tag","embeddable":true,"href":"https:\/\/public.kantarpolska.com\/archiwumraportow\/wp-json\/wp\/v2\/tags?post=7202"}],"curies":[{"name":"wp","href":"https:\/\/api.w.org\/{rel}","templated":true}]}}