
{"id":7192,"date":"2019-02-15T13:01:03","date_gmt":"2019-02-15T13:01:03","guid":{"rendered":"https:\/\/www.tnsglobal.pl\/archiwumraportow\/?p=7192"},"modified":"2019-02-19T10:16:04","modified_gmt":"2019-02-19T10:16:04","slug":"preferencje-partyjne-polakow-luty-2018-2","status":"publish","type":"post","link":"https:\/\/public.kantarpolska.com\/archiwumraportow\/2019\/02\/15\/preferencje-partyjne-polakow-luty-2018-2\/","title":{"rendered":"Preferencje partyjne Polak\u00f3w. Luty 2019"},"content":{"rendered":"<p>W pierwszej po\u0142owie lutego 2019 roku Kantar Public (dawniej Zesp\u00f3\u0142 Bada\u0144 Spo\u0142ecznych TNS Polska), w swoim cyklicznym, comiesi\u0119cznym badaniu Omnibus, prowadzonym technik\u0105 wywiad\u00f3w bezpo\u015brednich w domach respondent\u00f3w, zapyta\u0142 Polak\u00f3w o <!--more-->ewentualn\u0105 gotowo\u015b\u0107 uczestnictwa w wyborach do Sejmu, gdyby mia\u0142y odby\u0107 si\u0119 w najbli\u017csz\u0105 niedziel\u0119, a tak\u017ce o spos\u00f3b g\u0142osowania w takich wyborach. Niniejszy raport przedstawia wyniki z lutego oraz ich por\u00f3wnanie z danymi z poprzednich pomiar\u00f3w.<\/p>\n","protected":false},"excerpt":{"rendered":"<p>W pierwszej po\u0142owie lutego 2019 roku Kantar Public (dawniej Zesp\u00f3\u0142 Bada\u0144 Spo\u0142ecznych TNS Polska), w swoim cyklicznym, comiesi\u0119cznym badaniu Omnibus, prowadzonym technik\u0105 wywiad\u00f3w bezpo\u015brednich w domach respondent\u00f3w, zapyta\u0142 Polak\u00f3w o<\/p>\n","protected":false},"author":26,"featured_media":0,"comment_status":"closed","ping_status":"closed","sticky":false,"template":"","format":"standard","meta":{"ngg_post_thumbnail":0},"categories":[1],"tags":[167],"_links":{"self":[{"href":"https:\/\/public.kantarpolska.com\/archiwumraportow\/wp-json\/wp\/v2\/posts\/7192"}],"collection":[{"href":"https:\/\/public.kantarpolska.com\/archiwumraportow\/wp-json\/wp\/v2\/posts"}],"about":[{"href":"https:\/\/public.kantarpolska.com\/archiwumraportow\/wp-json\/wp\/v2\/types\/post"}],"author":[{"embeddable":true,"href":"https:\/\/public.kantarpolska.com\/archiwumraportow\/wp-json\/wp\/v2\/users\/26"}],"replies":[{"embeddable":true,"href":"https:\/\/public.kantarpolska.com\/archiwumraportow\/wp-json\/wp\/v2\/comments?post=7192"}],"version-history":[{"count":2,"href":"https:\/\/public.kantarpolska.com\/archiwumraportow\/wp-json\/wp\/v2\/posts\/7192\/revisions"}],"predecessor-version":[{"id":7198,"href":"https:\/\/public.kantarpolska.com\/archiwumraportow\/wp-json\/wp\/v2\/posts\/7192\/revisions\/7198"}],"wp:attachment":[{"href":"https:\/\/public.kantarpolska.com\/archiwumraportow\/wp-json\/wp\/v2\/media?parent=7192"}],"wp:term":[{"taxonomy":"category","embeddable":true,"href":"https:\/\/public.kantarpolska.com\/archiwumraportow\/wp-json\/wp\/v2\/categories?post=7192"},{"taxonomy":"post_tag","embeddable":true,"href":"https:\/\/public.kantarpolska.com\/archiwumraportow\/wp-json\/wp\/v2\/tags?post=7192"}],"curies":[{"name":"wp","href":"https:\/\/api.w.org\/{rel}","templated":true}]}}