
{"id":7186,"date":"2019-01-28T12:08:31","date_gmt":"2019-01-28T12:08:31","guid":{"rendered":"https:\/\/www.tnsglobal.pl\/archiwumraportow\/?p=7186"},"modified":"2019-01-28T12:08:31","modified_gmt":"2019-01-28T12:08:31","slug":"podsumowanie-roku-2018-styczen-2019","status":"publish","type":"post","link":"https:\/\/public.kantarpolska.com\/archiwumraportow\/2019\/01\/28\/podsumowanie-roku-2018-styczen-2019\/","title":{"rendered":"Podsumowanie roku 2018. Stycze\u0144 2019"},"content":{"rendered":"<p>Na pocz\u0105tku stycznia 2019 roku Kantar Public (dawniej Zesp\u00f3\u0142 Bada\u0144 Spo\u0142ecznych TNS Polska) zapyta\u0142 Polak\u00f3w o ocen\u0119 minionego 2018 roku oraz o oczekiwania wobec 2019 roku. Celem badania by\u0142o sprawdzenie opinii dotycz\u0105cych \u017cycia osobistego, sytuacji w <!--more-->kraju oraz na \u015bwiecie. W jakich sferach rok 2018 by\u0142 udany, a w jakich nie? Raport odpowiada r\u00f3wnie\u017c na pytanie, jakie s\u0105 przewidywania Polak\u00f3w wzgl\u0119dem 2019 roku.<\/p>\n","protected":false},"excerpt":{"rendered":"<p>Na pocz\u0105tku stycznia 2019 roku Kantar Public (dawniej Zesp\u00f3\u0142 Bada\u0144 Spo\u0142ecznych TNS Polska) zapyta\u0142 Polak\u00f3w o ocen\u0119 minionego 2018 roku oraz o oczekiwania wobec 2019 roku. Celem badania by\u0142o sprawdzenie opinii dotycz\u0105cych \u017cycia osobistego, sytuacji w<\/p>\n","protected":false},"author":26,"featured_media":0,"comment_status":"closed","ping_status":"closed","sticky":false,"template":"","format":"standard","meta":{"ngg_post_thumbnail":0},"categories":[1],"tags":[187],"_links":{"self":[{"href":"https:\/\/public.kantarpolska.com\/archiwumraportow\/wp-json\/wp\/v2\/posts\/7186"}],"collection":[{"href":"https:\/\/public.kantarpolska.com\/archiwumraportow\/wp-json\/wp\/v2\/posts"}],"about":[{"href":"https:\/\/public.kantarpolska.com\/archiwumraportow\/wp-json\/wp\/v2\/types\/post"}],"author":[{"embeddable":true,"href":"https:\/\/public.kantarpolska.com\/archiwumraportow\/wp-json\/wp\/v2\/users\/26"}],"replies":[{"embeddable":true,"href":"https:\/\/public.kantarpolska.com\/archiwumraportow\/wp-json\/wp\/v2\/comments?post=7186"}],"version-history":[{"count":1,"href":"https:\/\/public.kantarpolska.com\/archiwumraportow\/wp-json\/wp\/v2\/posts\/7186\/revisions"}],"predecessor-version":[{"id":7188,"href":"https:\/\/public.kantarpolska.com\/archiwumraportow\/wp-json\/wp\/v2\/posts\/7186\/revisions\/7188"}],"wp:attachment":[{"href":"https:\/\/public.kantarpolska.com\/archiwumraportow\/wp-json\/wp\/v2\/media?parent=7186"}],"wp:term":[{"taxonomy":"category","embeddable":true,"href":"https:\/\/public.kantarpolska.com\/archiwumraportow\/wp-json\/wp\/v2\/categories?post=7186"},{"taxonomy":"post_tag","embeddable":true,"href":"https:\/\/public.kantarpolska.com\/archiwumraportow\/wp-json\/wp\/v2\/tags?post=7186"}],"curies":[{"name":"wp","href":"https:\/\/api.w.org\/{rel}","templated":true}]}}