
{"id":7183,"date":"2019-01-24T17:34:46","date_gmt":"2019-01-24T17:34:46","guid":{"rendered":"https:\/\/www.tnsglobal.pl\/archiwumraportow\/?p=7183"},"modified":"2019-01-24T17:34:46","modified_gmt":"2019-01-24T17:34:46","slug":"nastroje-spoleczne-polakow-styczen-2019","status":"publish","type":"post","link":"https:\/\/public.kantarpolska.com\/archiwumraportow\/2019\/01\/24\/nastroje-spoleczne-polakow-styczen-2019\/","title":{"rendered":"Nastroje spo\u0142eczne Polak\u00f3w. Stycze\u0144 2019"},"content":{"rendered":"<p>W pierwszej po\u0142owie stycznia 2019 roku Kantar Public (dawniej Zesp\u00f3\u0142 Bada\u0144 Spo\u0142ecznych TNS Polska) przeprowadzi\u0142 badanie nastroj\u00f3w spo\u0142ecznych. Polacy zostali zapytani o opini\u0119 na temat kierunku biegu spraw w naszym kraju, ocen\u0119 stanu polskiej gospodarki i<!--more--> prognoz\u0119 zmian sytuacji materialnej ludno\u015bci w ci\u0105gu najbli\u017cszych trzech lat, a tak\u017ce o ocen\u0119 mo\u017cliwo\u015bci znalezienia pracy w Polsce. W komunikacie prezentujemy wyniki uzyskane w styczniu, zestawione z danymi z ostatnich miesi\u0119cy.<\/p>\n","protected":false},"excerpt":{"rendered":"<p>W pierwszej po\u0142owie stycznia 2019 roku Kantar Public (dawniej Zesp\u00f3\u0142 Bada\u0144 Spo\u0142ecznych TNS Polska) przeprowadzi\u0142 badanie nastroj\u00f3w spo\u0142ecznych. Polacy zostali zapytani o opini\u0119 na temat kierunku biegu spraw w naszym kraju, ocen\u0119 stanu polskiej gospodarki i<\/p>\n","protected":false},"author":26,"featured_media":0,"comment_status":"closed","ping_status":"closed","sticky":false,"template":"","format":"standard","meta":{"ngg_post_thumbnail":0},"categories":[1],"tags":[157],"_links":{"self":[{"href":"https:\/\/public.kantarpolska.com\/archiwumraportow\/wp-json\/wp\/v2\/posts\/7183"}],"collection":[{"href":"https:\/\/public.kantarpolska.com\/archiwumraportow\/wp-json\/wp\/v2\/posts"}],"about":[{"href":"https:\/\/public.kantarpolska.com\/archiwumraportow\/wp-json\/wp\/v2\/types\/post"}],"author":[{"embeddable":true,"href":"https:\/\/public.kantarpolska.com\/archiwumraportow\/wp-json\/wp\/v2\/users\/26"}],"replies":[{"embeddable":true,"href":"https:\/\/public.kantarpolska.com\/archiwumraportow\/wp-json\/wp\/v2\/comments?post=7183"}],"version-history":[{"count":1,"href":"https:\/\/public.kantarpolska.com\/archiwumraportow\/wp-json\/wp\/v2\/posts\/7183\/revisions"}],"predecessor-version":[{"id":7185,"href":"https:\/\/public.kantarpolska.com\/archiwumraportow\/wp-json\/wp\/v2\/posts\/7183\/revisions\/7185"}],"wp:attachment":[{"href":"https:\/\/public.kantarpolska.com\/archiwumraportow\/wp-json\/wp\/v2\/media?parent=7183"}],"wp:term":[{"taxonomy":"category","embeddable":true,"href":"https:\/\/public.kantarpolska.com\/archiwumraportow\/wp-json\/wp\/v2\/categories?post=7183"},{"taxonomy":"post_tag","embeddable":true,"href":"https:\/\/public.kantarpolska.com\/archiwumraportow\/wp-json\/wp\/v2\/tags?post=7183"}],"curies":[{"name":"wp","href":"https:\/\/api.w.org\/{rel}","templated":true}]}}