
{"id":7173,"date":"2019-01-14T16:12:05","date_gmt":"2019-01-14T16:12:05","guid":{"rendered":"https:\/\/www.tnsglobal.pl\/archiwumraportow\/?p=7173"},"modified":"2019-01-14T16:12:05","modified_gmt":"2019-01-14T16:12:05","slug":"opinie-mieszkancow-wsi-i-miast-w-2018-roku-styczen-2019","status":"publish","type":"post","link":"https:\/\/public.kantarpolska.com\/archiwumraportow\/2019\/01\/14\/opinie-mieszkancow-wsi-i-miast-w-2018-roku-styczen-2019\/","title":{"rendered":"Opinie mieszka\u0144c\u00f3w wsi i miast w 2018 roku. Stycze\u0144 2019"},"content":{"rendered":"<p>Niniejszy raport jest prezentacj\u0105 wybranych danych z bada\u0144 przeprowadzanych cyklicznie przez Kantar Public: \u201eNastroje spo\u0142eczne Polak\u00f3w\u201d, \u201ePreferencje partyjne\u201d oraz \u201eOcena rz\u0105du, premiera i prezydenta\u201d w 2018 roku. Prezentowane dane s\u0105 zestawieniem opinii<!--more--> mieszka\u0144c\u00f3w wsi i mieszka\u0144c\u00f3w miast. Szczeg\u00f3\u0142owe przedstawienie tych dw\u00f3ch grup spo\u0142ecznych pozwala oceni\u0107 na jakiej p\u0142aszczy\u017anie badani zgadzaj\u0105 si\u0119, a w odniesieniu do jakich kwestii maj\u0105 rozbie\u017cne opinie, w zale\u017cno\u015bci od wielko\u015bci miejsca zamieszkania.<\/p>\n","protected":false},"excerpt":{"rendered":"<p>Niniejszy raport jest prezentacj\u0105 wybranych danych z bada\u0144 przeprowadzanych cyklicznie przez Kantar Public: \u201eNastroje spo\u0142eczne Polak\u00f3w\u201d, \u201ePreferencje partyjne\u201d oraz \u201eOcena rz\u0105du, premiera i prezydenta\u201d w 2018 roku. Prezentowane dane s\u0105 zestawieniem opinii<\/p>\n","protected":false},"author":26,"featured_media":0,"comment_status":"closed","ping_status":"closed","sticky":false,"template":"","format":"standard","meta":{"ngg_post_thumbnail":0},"categories":[1],"tags":[186],"_links":{"self":[{"href":"https:\/\/public.kantarpolska.com\/archiwumraportow\/wp-json\/wp\/v2\/posts\/7173"}],"collection":[{"href":"https:\/\/public.kantarpolska.com\/archiwumraportow\/wp-json\/wp\/v2\/posts"}],"about":[{"href":"https:\/\/public.kantarpolska.com\/archiwumraportow\/wp-json\/wp\/v2\/types\/post"}],"author":[{"embeddable":true,"href":"https:\/\/public.kantarpolska.com\/archiwumraportow\/wp-json\/wp\/v2\/users\/26"}],"replies":[{"embeddable":true,"href":"https:\/\/public.kantarpolska.com\/archiwumraportow\/wp-json\/wp\/v2\/comments?post=7173"}],"version-history":[{"count":1,"href":"https:\/\/public.kantarpolska.com\/archiwumraportow\/wp-json\/wp\/v2\/posts\/7173\/revisions"}],"predecessor-version":[{"id":7175,"href":"https:\/\/public.kantarpolska.com\/archiwumraportow\/wp-json\/wp\/v2\/posts\/7173\/revisions\/7175"}],"wp:attachment":[{"href":"https:\/\/public.kantarpolska.com\/archiwumraportow\/wp-json\/wp\/v2\/media?parent=7173"}],"wp:term":[{"taxonomy":"category","embeddable":true,"href":"https:\/\/public.kantarpolska.com\/archiwumraportow\/wp-json\/wp\/v2\/categories?post=7173"},{"taxonomy":"post_tag","embeddable":true,"href":"https:\/\/public.kantarpolska.com\/archiwumraportow\/wp-json\/wp\/v2\/tags?post=7173"}],"curies":[{"name":"wp","href":"https:\/\/api.w.org\/{rel}","templated":true}]}}