
{"id":7161,"date":"2018-12-19T11:58:50","date_gmt":"2018-12-19T11:58:50","guid":{"rendered":"https:\/\/www.tnsglobal.pl\/archiwumraportow\/?p=7161"},"modified":"2018-12-19T11:58:50","modified_gmt":"2018-12-19T11:58:50","slug":"ocena-dzialalnosci-rzadu-premiera-i-prezydenta-grudzien-2018","status":"publish","type":"post","link":"https:\/\/public.kantarpolska.com\/archiwumraportow\/2018\/12\/19\/ocena-dzialalnosci-rzadu-premiera-i-prezydenta-grudzien-2018\/","title":{"rendered":"Ocena dzia\u0142alno\u015bci rz\u0105du, premiera i prezydenta. Grudzie\u0144 2018"},"content":{"rendered":"<p>W pierwszej po\u0142owie grudnia 2018 roku Kantar Public (dawniej Zesp\u00f3\u0142 Bada\u0144 Spo\u0142ecznych TNS Polska) przeprowadzi\u0142 cykliczny sonda\u017c, w kt\u00f3rym respondenci ocenili prac\u0119 rz\u0105du, premiera Mateusza Morawieckiego oraz prezydenta Andrzeja Dudy. W raporcie opisane s\u0105<!--more--> najnowsze wyniki oraz ich por\u00f3wnanie z danymi z poprzednich miesi\u0119cy.<\/p>\n","protected":false},"excerpt":{"rendered":"<p>W pierwszej po\u0142owie grudnia 2018 roku Kantar Public (dawniej Zesp\u00f3\u0142 Bada\u0144 Spo\u0142ecznych TNS Polska) przeprowadzi\u0142 cykliczny sonda\u017c, w kt\u00f3rym respondenci ocenili prac\u0119 rz\u0105du, premiera Mateusza Morawieckiego oraz prezydenta Andrzeja Dudy. W raporcie opisane s\u0105<\/p>\n","protected":false},"author":26,"featured_media":0,"comment_status":"closed","ping_status":"closed","sticky":false,"template":"","format":"standard","meta":{"ngg_post_thumbnail":0},"categories":[1],"tags":[156],"_links":{"self":[{"href":"https:\/\/public.kantarpolska.com\/archiwumraportow\/wp-json\/wp\/v2\/posts\/7161"}],"collection":[{"href":"https:\/\/public.kantarpolska.com\/archiwumraportow\/wp-json\/wp\/v2\/posts"}],"about":[{"href":"https:\/\/public.kantarpolska.com\/archiwumraportow\/wp-json\/wp\/v2\/types\/post"}],"author":[{"embeddable":true,"href":"https:\/\/public.kantarpolska.com\/archiwumraportow\/wp-json\/wp\/v2\/users\/26"}],"replies":[{"embeddable":true,"href":"https:\/\/public.kantarpolska.com\/archiwumraportow\/wp-json\/wp\/v2\/comments?post=7161"}],"version-history":[{"count":1,"href":"https:\/\/public.kantarpolska.com\/archiwumraportow\/wp-json\/wp\/v2\/posts\/7161\/revisions"}],"predecessor-version":[{"id":7163,"href":"https:\/\/public.kantarpolska.com\/archiwumraportow\/wp-json\/wp\/v2\/posts\/7161\/revisions\/7163"}],"wp:attachment":[{"href":"https:\/\/public.kantarpolska.com\/archiwumraportow\/wp-json\/wp\/v2\/media?parent=7161"}],"wp:term":[{"taxonomy":"category","embeddable":true,"href":"https:\/\/public.kantarpolska.com\/archiwumraportow\/wp-json\/wp\/v2\/categories?post=7161"},{"taxonomy":"post_tag","embeddable":true,"href":"https:\/\/public.kantarpolska.com\/archiwumraportow\/wp-json\/wp\/v2\/tags?post=7161"}],"curies":[{"name":"wp","href":"https:\/\/api.w.org\/{rel}","templated":true}]}}