
{"id":7133,"date":"2018-11-08T12:59:38","date_gmt":"2018-11-08T12:59:38","guid":{"rendered":"https:\/\/www.tnsglobal.pl\/archiwumraportow\/?p=7133"},"modified":"2018-11-08T13:35:28","modified_gmt":"2018-11-08T13:35:28","slug":"spoleczne-kryteria-polskosci-listopad-2018","status":"publish","type":"post","link":"https:\/\/public.kantarpolska.com\/archiwumraportow\/2018\/11\/08\/spoleczne-kryteria-polskosci-listopad-2018\/","title":{"rendered":"Spo\u0142eczne kryteria polsko\u015bci. Listopad 2018"},"content":{"rendered":"<p>W czerwcu 1988 roku, tu\u017c &#8211; jak si\u0119 potem okaza\u0142o &#8211; przed politycznym upadkiem socjalizmu realnego i wielkimi zmianami gospodarczymi, spo\u0142ecznymi i kulturowymi w\u00a0Polsce, OBOP przeprowadzi\u0142 dla zespo\u0142u prof. Ewy Nowickiej z Instytutu Socjologii <!--more-->Uniwersytetu Warszawskiego zaprojektowane przez ni\u0105 badania nad to\u017csamo\u015bci\u0105 narodow\u0105 Polak\u00f3w i ich stosunkiem do innych narod\u00f3w. Centralne pytanie badaczy i\u00a0pierwsze pytanie kwestionariusza dotyczy\u0142o kryteri\u00f3w polsko\u015bci. &#8222;Gdyby\u015bmy mieli kogo\u015b uzna\u0107 za Polaka, to co by\u0142oby Pana(i) zdaniem wa\u017cne, a co mniej wa\u017cne?&#8221; pytano, przedstawiaj\u0105c losowej pr\u00f3bie doros\u0142ych Polak\u00f3w list\u0119 dziesi\u0119ciu cech funkcjonuj\u0105cych w dyskursie publicznym jako kryteria polsko\u015bci. Z okazji stulecia niepodleg\u0142o\u015bci Polski postanowili\u015bmy sprawdzi\u0107 jak obecnie kszta\u0142tuj\u0105 si\u0119 spo\u0142eczne kryteria polsko\u015bci.<\/p>\n","protected":false},"excerpt":{"rendered":"<p>W czerwcu 1988 roku, tu\u017c &#8211; jak si\u0119 potem okaza\u0142o &#8211; przed politycznym upadkiem socjalizmu realnego i wielkimi zmianami gospodarczymi, spo\u0142ecznymi i kulturowymi w\u00a0Polsce, OBOP przeprowadzi\u0142 dla zespo\u0142u prof. Ewy Nowickiej z Instytutu Socjologii<\/p>\n","protected":false},"author":26,"featured_media":0,"comment_status":"closed","ping_status":"closed","sticky":false,"template":"","format":"standard","meta":{"ngg_post_thumbnail":0},"categories":[1],"tags":[183],"_links":{"self":[{"href":"https:\/\/public.kantarpolska.com\/archiwumraportow\/wp-json\/wp\/v2\/posts\/7133"}],"collection":[{"href":"https:\/\/public.kantarpolska.com\/archiwumraportow\/wp-json\/wp\/v2\/posts"}],"about":[{"href":"https:\/\/public.kantarpolska.com\/archiwumraportow\/wp-json\/wp\/v2\/types\/post"}],"author":[{"embeddable":true,"href":"https:\/\/public.kantarpolska.com\/archiwumraportow\/wp-json\/wp\/v2\/users\/26"}],"replies":[{"embeddable":true,"href":"https:\/\/public.kantarpolska.com\/archiwumraportow\/wp-json\/wp\/v2\/comments?post=7133"}],"version-history":[{"count":1,"href":"https:\/\/public.kantarpolska.com\/archiwumraportow\/wp-json\/wp\/v2\/posts\/7133\/revisions"}],"predecessor-version":[{"id":7135,"href":"https:\/\/public.kantarpolska.com\/archiwumraportow\/wp-json\/wp\/v2\/posts\/7133\/revisions\/7135"}],"wp:attachment":[{"href":"https:\/\/public.kantarpolska.com\/archiwumraportow\/wp-json\/wp\/v2\/media?parent=7133"}],"wp:term":[{"taxonomy":"category","embeddable":true,"href":"https:\/\/public.kantarpolska.com\/archiwumraportow\/wp-json\/wp\/v2\/categories?post=7133"},{"taxonomy":"post_tag","embeddable":true,"href":"https:\/\/public.kantarpolska.com\/archiwumraportow\/wp-json\/wp\/v2\/tags?post=7133"}],"curies":[{"name":"wp","href":"https:\/\/api.w.org\/{rel}","templated":true}]}}