
{"id":7106,"date":"2018-10-01T15:38:07","date_gmt":"2018-10-01T15:38:07","guid":{"rendered":"https:\/\/www.tnsglobal.pl\/archiwumraportow\/?p=7106"},"modified":"2018-10-01T15:38:07","modified_gmt":"2018-10-01T15:38:07","slug":"60-lat-badan-rynku-i-opinii-badania-wyborcze","status":"publish","type":"post","link":"https:\/\/public.kantarpolska.com\/archiwumraportow\/2018\/10\/01\/60-lat-badan-rynku-i-opinii-badania-wyborcze\/","title":{"rendered":"60 lat bada\u0144 rynku i opinii. Badania wyborcze"},"content":{"rendered":"<p>W 2018 roku obchodzimy sze\u015b\u0107dziesi\u0105t\u0105 rocznic\u0119 bada\u0144 rynku i opinii w Polsce. Jest ona zwi\u0105zana z powstaniem w 1958 roku O\u015brodka Badania Opinii Publicznej. Jako spadkobiercy dorobku tej firmy chcemy przypomnie\u0107 fragmenty bada\u0144 z przesz\u0142o\u015bci <!--more-->poprzez seri\u0119 komunikat\u00f3w, kt\u00f3re maj\u0105 na celu przywo\u0142anie najciekawszych bada\u0144. W dzisiejszym komunikacie Urszula Krassowska prezentuje wybrane badania wyborcze.<\/p>\n","protected":false},"excerpt":{"rendered":"<p>W 2018 roku obchodzimy sze\u015b\u0107dziesi\u0105t\u0105 rocznic\u0119 bada\u0144 rynku i opinii w Polsce. Jest ona zwi\u0105zana z powstaniem w 1958 roku O\u015brodka Badania Opinii Publicznej. Jako spadkobiercy dorobku tej firmy chcemy przypomnie\u0107 fragmenty bada\u0144 z przesz\u0142o\u015bci<\/p>\n","protected":false},"author":26,"featured_media":0,"comment_status":"closed","ping_status":"closed","sticky":false,"template":"","format":"standard","meta":{"ngg_post_thumbnail":0},"categories":[1],"tags":[177],"_links":{"self":[{"href":"https:\/\/public.kantarpolska.com\/archiwumraportow\/wp-json\/wp\/v2\/posts\/7106"}],"collection":[{"href":"https:\/\/public.kantarpolska.com\/archiwumraportow\/wp-json\/wp\/v2\/posts"}],"about":[{"href":"https:\/\/public.kantarpolska.com\/archiwumraportow\/wp-json\/wp\/v2\/types\/post"}],"author":[{"embeddable":true,"href":"https:\/\/public.kantarpolska.com\/archiwumraportow\/wp-json\/wp\/v2\/users\/26"}],"replies":[{"embeddable":true,"href":"https:\/\/public.kantarpolska.com\/archiwumraportow\/wp-json\/wp\/v2\/comments?post=7106"}],"version-history":[{"count":1,"href":"https:\/\/public.kantarpolska.com\/archiwumraportow\/wp-json\/wp\/v2\/posts\/7106\/revisions"}],"predecessor-version":[{"id":7107,"href":"https:\/\/public.kantarpolska.com\/archiwumraportow\/wp-json\/wp\/v2\/posts\/7106\/revisions\/7107"}],"wp:attachment":[{"href":"https:\/\/public.kantarpolska.com\/archiwumraportow\/wp-json\/wp\/v2\/media?parent=7106"}],"wp:term":[{"taxonomy":"category","embeddable":true,"href":"https:\/\/public.kantarpolska.com\/archiwumraportow\/wp-json\/wp\/v2\/categories?post=7106"},{"taxonomy":"post_tag","embeddable":true,"href":"https:\/\/public.kantarpolska.com\/archiwumraportow\/wp-json\/wp\/v2\/tags?post=7106"}],"curies":[{"name":"wp","href":"https:\/\/api.w.org\/{rel}","templated":true}]}}