
{"id":7059,"date":"2018-07-20T15:09:45","date_gmt":"2018-07-20T15:09:45","guid":{"rendered":"https:\/\/www.tnsglobal.pl\/archiwumraportow\/?p=7059"},"modified":"2018-07-20T15:10:41","modified_gmt":"2018-07-20T15:10:41","slug":"ocena-dzialalnosci-rzadu-premiera-i-prezydenta-lipiec-2018","status":"publish","type":"post","link":"https:\/\/public.kantarpolska.com\/archiwumraportow\/2018\/07\/20\/ocena-dzialalnosci-rzadu-premiera-i-prezydenta-lipiec-2018\/","title":{"rendered":"Ocena dzia\u0142alno\u015bci rz\u0105du, premiera i prezydenta. Lipiec 2018"},"content":{"rendered":"<p>Na pocz\u0105tku lipca 2018 roku Kantar Public (dawniej Zesp\u00f3\u0142 Bada\u0144 Spo\u0142ecznych TNS Polska) przeprowadzi\u0142 cykliczny sonda\u017c, w kt\u00f3rym respondenci oceniali prac\u0119 rz\u0105du, premiera Mateusza Morawieckiego oraz prezydenta Andrzeja Dudy.<!--more--><br \/>\nW raporcie opisane s\u0105 najnowsze wyniki oraz ich por\u00f3wnanie z danymi z poprzednich miesi\u0119cy.<\/p>\n","protected":false},"excerpt":{"rendered":"<p>Na pocz\u0105tku lipca 2018 roku Kantar Public (dawniej Zesp\u00f3\u0142 Bada\u0144 Spo\u0142ecznych TNS Polska) przeprowadzi\u0142 cykliczny sonda\u017c, w kt\u00f3rym respondenci oceniali prac\u0119 rz\u0105du, premiera Mateusza Morawieckiego oraz prezydenta Andrzeja Dudy.<\/p>\n","protected":false},"author":26,"featured_media":0,"comment_status":"closed","ping_status":"closed","sticky":false,"template":"","format":"standard","meta":{"ngg_post_thumbnail":0},"categories":[1],"tags":[156],"_links":{"self":[{"href":"https:\/\/public.kantarpolska.com\/archiwumraportow\/wp-json\/wp\/v2\/posts\/7059"}],"collection":[{"href":"https:\/\/public.kantarpolska.com\/archiwumraportow\/wp-json\/wp\/v2\/posts"}],"about":[{"href":"https:\/\/public.kantarpolska.com\/archiwumraportow\/wp-json\/wp\/v2\/types\/post"}],"author":[{"embeddable":true,"href":"https:\/\/public.kantarpolska.com\/archiwumraportow\/wp-json\/wp\/v2\/users\/26"}],"replies":[{"embeddable":true,"href":"https:\/\/public.kantarpolska.com\/archiwumraportow\/wp-json\/wp\/v2\/comments?post=7059"}],"version-history":[{"count":2,"href":"https:\/\/public.kantarpolska.com\/archiwumraportow\/wp-json\/wp\/v2\/posts\/7059\/revisions"}],"predecessor-version":[{"id":7062,"href":"https:\/\/public.kantarpolska.com\/archiwumraportow\/wp-json\/wp\/v2\/posts\/7059\/revisions\/7062"}],"wp:attachment":[{"href":"https:\/\/public.kantarpolska.com\/archiwumraportow\/wp-json\/wp\/v2\/media?parent=7059"}],"wp:term":[{"taxonomy":"category","embeddable":true,"href":"https:\/\/public.kantarpolska.com\/archiwumraportow\/wp-json\/wp\/v2\/categories?post=7059"},{"taxonomy":"post_tag","embeddable":true,"href":"https:\/\/public.kantarpolska.com\/archiwumraportow\/wp-json\/wp\/v2\/tags?post=7059"}],"curies":[{"name":"wp","href":"https:\/\/api.w.org\/{rel}","templated":true}]}}