
{"id":7056,"date":"2018-07-16T16:00:50","date_gmt":"2018-07-16T16:00:50","guid":{"rendered":"https:\/\/www.tnsglobal.pl\/archiwumraportow\/?p=7056"},"modified":"2018-07-16T16:00:50","modified_gmt":"2018-07-16T16:00:50","slug":"preferencje-partyjne-polakow-lipiec-2018","status":"publish","type":"post","link":"https:\/\/public.kantarpolska.com\/archiwumraportow\/2018\/07\/16\/preferencje-partyjne-polakow-lipiec-2018\/","title":{"rendered":"Preferencje partyjne Polak\u00f3w. Lipiec 2018"},"content":{"rendered":"<p>W pierwszej po\u0142owie lipca 2018 roku Kantar Public (dawniej Zesp\u00f3\u0142 Bada\u0144 Spo\u0142ecznych TNS Polska), w swoim cyklicznym, comiesi\u0119cznym badaniu Omnibus, prowadzonym technik\u0105 wywiad\u00f3w bezpo\u015brednich w domach respondent\u00f3w,\u00a0 zapyta\u0142 Polak\u00f3w o<!--more--> ewentualn\u0105 gotowo\u015b\u0107 uczestnictwa w wyborach do Sejmu, gdyby mia\u0142y odby\u0107 si\u0119 w najbli\u017csz\u0105 niedziel\u0119, a tak\u017ce o spos\u00f3b g\u0142osowania w takich wyborach. Niniejszy raport przedstawia wyniki z lipca oraz ich por\u00f3wnanie z danymi<br \/>\nz poprzednich pomiar\u00f3w.<\/p>\n","protected":false},"excerpt":{"rendered":"<p>W pierwszej po\u0142owie lipca 2018 roku Kantar Public (dawniej Zesp\u00f3\u0142 Bada\u0144 Spo\u0142ecznych TNS Polska), w swoim cyklicznym, comiesi\u0119cznym badaniu Omnibus, prowadzonym technik\u0105 wywiad\u00f3w bezpo\u015brednich w domach respondent\u00f3w,\u00a0 zapyta\u0142 Polak\u00f3w o<\/p>\n","protected":false},"author":26,"featured_media":0,"comment_status":"closed","ping_status":"closed","sticky":false,"template":"","format":"standard","meta":{"ngg_post_thumbnail":0},"categories":[1],"tags":[167],"_links":{"self":[{"href":"https:\/\/public.kantarpolska.com\/archiwumraportow\/wp-json\/wp\/v2\/posts\/7056"}],"collection":[{"href":"https:\/\/public.kantarpolska.com\/archiwumraportow\/wp-json\/wp\/v2\/posts"}],"about":[{"href":"https:\/\/public.kantarpolska.com\/archiwumraportow\/wp-json\/wp\/v2\/types\/post"}],"author":[{"embeddable":true,"href":"https:\/\/public.kantarpolska.com\/archiwumraportow\/wp-json\/wp\/v2\/users\/26"}],"replies":[{"embeddable":true,"href":"https:\/\/public.kantarpolska.com\/archiwumraportow\/wp-json\/wp\/v2\/comments?post=7056"}],"version-history":[{"count":1,"href":"https:\/\/public.kantarpolska.com\/archiwumraportow\/wp-json\/wp\/v2\/posts\/7056\/revisions"}],"predecessor-version":[{"id":7058,"href":"https:\/\/public.kantarpolska.com\/archiwumraportow\/wp-json\/wp\/v2\/posts\/7056\/revisions\/7058"}],"wp:attachment":[{"href":"https:\/\/public.kantarpolska.com\/archiwumraportow\/wp-json\/wp\/v2\/media?parent=7056"}],"wp:term":[{"taxonomy":"category","embeddable":true,"href":"https:\/\/public.kantarpolska.com\/archiwumraportow\/wp-json\/wp\/v2\/categories?post=7056"},{"taxonomy":"post_tag","embeddable":true,"href":"https:\/\/public.kantarpolska.com\/archiwumraportow\/wp-json\/wp\/v2\/tags?post=7056"}],"curies":[{"name":"wp","href":"https:\/\/api.w.org\/{rel}","templated":true}]}}