
{"id":7034,"date":"2018-06-07T07:20:11","date_gmt":"2018-06-07T07:20:11","guid":{"rendered":"https:\/\/www.tnsglobal.pl\/archiwumraportow\/?p=7034"},"modified":"2018-06-07T07:20:11","modified_gmt":"2018-06-07T07:20:11","slug":"nastroje-spoleczne-polakow-maj-2018","status":"publish","type":"post","link":"https:\/\/public.kantarpolska.com\/archiwumraportow\/2018\/06\/07\/nastroje-spoleczne-polakow-maj-2018\/","title":{"rendered":"Nastroje spo\u0142eczne Polak\u00f3w. Maj 2018"},"content":{"rendered":"<p>W po\u0142owie maja 2018 roku Kantar Public (dawniej Zesp\u00f3\u0142 Bada\u0144 Spo\u0142ecznych TNS Polska) przeprowadzi\u0142 badanie nastroj\u00f3w spo\u0142ecznych. Polacy zostali zapytani o opini\u0119 na temat kierunku biegu spraw w naszym kraju, ocen\u0119 stanu polskiej <!--more-->gospodarki i prognoz\u0119 zmian sytuacji materialnej ludno\u015bci w ci\u0105gu najbli\u017cszych trzech lat, a tak\u017ce o ocen\u0119 mo\u017cliwo\u015bci znalezienia pracy w Polsce. W komunikacie prezentujemy wyniki uzyskane w maju, zestawione z danymi z ostatnich miesi\u0119cy.<\/p>\n","protected":false},"excerpt":{"rendered":"<p>W po\u0142owie maja 2018 roku Kantar Public (dawniej Zesp\u00f3\u0142 Bada\u0144 Spo\u0142ecznych TNS Polska) przeprowadzi\u0142 badanie nastroj\u00f3w spo\u0142ecznych. Polacy zostali zapytani o opini\u0119 na temat kierunku biegu spraw w naszym kraju, ocen\u0119 stanu polskiej<\/p>\n","protected":false},"author":26,"featured_media":0,"comment_status":"closed","ping_status":"closed","sticky":false,"template":"","format":"standard","meta":{"ngg_post_thumbnail":0},"categories":[1],"tags":[157],"_links":{"self":[{"href":"https:\/\/public.kantarpolska.com\/archiwumraportow\/wp-json\/wp\/v2\/posts\/7034"}],"collection":[{"href":"https:\/\/public.kantarpolska.com\/archiwumraportow\/wp-json\/wp\/v2\/posts"}],"about":[{"href":"https:\/\/public.kantarpolska.com\/archiwumraportow\/wp-json\/wp\/v2\/types\/post"}],"author":[{"embeddable":true,"href":"https:\/\/public.kantarpolska.com\/archiwumraportow\/wp-json\/wp\/v2\/users\/26"}],"replies":[{"embeddable":true,"href":"https:\/\/public.kantarpolska.com\/archiwumraportow\/wp-json\/wp\/v2\/comments?post=7034"}],"version-history":[{"count":1,"href":"https:\/\/public.kantarpolska.com\/archiwumraportow\/wp-json\/wp\/v2\/posts\/7034\/revisions"}],"predecessor-version":[{"id":7036,"href":"https:\/\/public.kantarpolska.com\/archiwumraportow\/wp-json\/wp\/v2\/posts\/7034\/revisions\/7036"}],"wp:attachment":[{"href":"https:\/\/public.kantarpolska.com\/archiwumraportow\/wp-json\/wp\/v2\/media?parent=7034"}],"wp:term":[{"taxonomy":"category","embeddable":true,"href":"https:\/\/public.kantarpolska.com\/archiwumraportow\/wp-json\/wp\/v2\/categories?post=7034"},{"taxonomy":"post_tag","embeddable":true,"href":"https:\/\/public.kantarpolska.com\/archiwumraportow\/wp-json\/wp\/v2\/tags?post=7034"}],"curies":[{"name":"wp","href":"https:\/\/api.w.org\/{rel}","templated":true}]}}