
{"id":7008,"date":"2018-03-23T13:08:33","date_gmt":"2018-03-23T13:08:33","guid":{"rendered":"https:\/\/www.tnsglobal.pl\/archiwumraportow\/?p=7008"},"modified":"2018-03-23T13:08:33","modified_gmt":"2018-03-23T13:08:33","slug":"czy-zyjemy-w-rzeczywistosci-fake-newsow-marzec-2018","status":"publish","type":"post","link":"https:\/\/public.kantarpolska.com\/archiwumraportow\/2018\/03\/23\/czy-zyjemy-w-rzeczywistosci-fake-newsow-marzec-2018\/","title":{"rendered":"Czy \u017cyjemy w rzeczywisto\u015bci fake news\u00f3w? Marzec 2018"},"content":{"rendered":"<p>W og\u00f3lnoeuropejskim badaniu Eurobarometr, przeprowadzanym regularnie przez Kantar TNS na zlecenie Komisji Europejskiej, w lutym 2018 roku, poruszone zosta\u0142y tematy zwi\u0105zane\u00a0z obecno\u015bci\u0105 w mediach nieprawdziwych informacji tzw. fake news\u00f3w. W <!--more-->komunikacie przedstawione zosta\u0142y opinie respondent\u00f3w z Polski oraz wszystkich 28 kraj\u00f3w Wsp\u00f3lnoty. Komunikat prezentuje wybrane wyniki dla Polski oraz ca\u0142ej Unii Europejskiej. Pe\u0142ny raport z badania dost\u0119pny jest na stronie:<br \/>\n<a href=\"http:\/\/ec.europa.eu\/commfrontoffice\/publicopinion\">http:\/\/ec.europa.eu\/commfrontoffice\/publicopinion<\/a>.<\/p>\n<p>&nbsp;<\/p>\n","protected":false},"excerpt":{"rendered":"<p>W og\u00f3lnoeuropejskim badaniu Eurobarometr, przeprowadzanym regularnie przez Kantar TNS na zlecenie Komisji Europejskiej, w lutym 2018 roku, poruszone zosta\u0142y tematy zwi\u0105zane\u00a0z obecno\u015bci\u0105 w mediach nieprawdziwych informacji tzw. fake news\u00f3w. W<\/p>\n","protected":false},"author":26,"featured_media":0,"comment_status":"closed","ping_status":"closed","sticky":false,"template":"","format":"standard","meta":{"ngg_post_thumbnail":0},"categories":[1],"tags":[170],"_links":{"self":[{"href":"https:\/\/public.kantarpolska.com\/archiwumraportow\/wp-json\/wp\/v2\/posts\/7008"}],"collection":[{"href":"https:\/\/public.kantarpolska.com\/archiwumraportow\/wp-json\/wp\/v2\/posts"}],"about":[{"href":"https:\/\/public.kantarpolska.com\/archiwumraportow\/wp-json\/wp\/v2\/types\/post"}],"author":[{"embeddable":true,"href":"https:\/\/public.kantarpolska.com\/archiwumraportow\/wp-json\/wp\/v2\/users\/26"}],"replies":[{"embeddable":true,"href":"https:\/\/public.kantarpolska.com\/archiwumraportow\/wp-json\/wp\/v2\/comments?post=7008"}],"version-history":[{"count":1,"href":"https:\/\/public.kantarpolska.com\/archiwumraportow\/wp-json\/wp\/v2\/posts\/7008\/revisions"}],"predecessor-version":[{"id":7010,"href":"https:\/\/public.kantarpolska.com\/archiwumraportow\/wp-json\/wp\/v2\/posts\/7008\/revisions\/7010"}],"wp:attachment":[{"href":"https:\/\/public.kantarpolska.com\/archiwumraportow\/wp-json\/wp\/v2\/media?parent=7008"}],"wp:term":[{"taxonomy":"category","embeddable":true,"href":"https:\/\/public.kantarpolska.com\/archiwumraportow\/wp-json\/wp\/v2\/categories?post=7008"},{"taxonomy":"post_tag","embeddable":true,"href":"https:\/\/public.kantarpolska.com\/archiwumraportow\/wp-json\/wp\/v2\/tags?post=7008"}],"curies":[{"name":"wp","href":"https:\/\/api.w.org\/{rel}","templated":true}]}}