
{"id":6947,"date":"2018-01-05T17:00:07","date_gmt":"2018-01-05T17:00:07","guid":{"rendered":"https:\/\/www.tnsglobal.pl\/archiwumraportow\/?p=6947"},"modified":"2018-01-05T17:00:07","modified_gmt":"2018-01-05T17:00:07","slug":"nastroje-spoleczne-pokolen-polakow-baby-boomers-x-i-y-w-2017-roku-styczen-2018","status":"publish","type":"post","link":"https:\/\/public.kantarpolska.com\/archiwumraportow\/2018\/01\/05\/nastroje-spoleczne-pokolen-polakow-baby-boomers-x-i-y-w-2017-roku-styczen-2018\/","title":{"rendered":"Nastroje spo\u0142eczne pokole\u0144 Polak\u00f3w: Baby Boomers, X i Y w 2017 roku. Stycze\u0144 2018"},"content":{"rendered":"<p>Na pocz\u0105tku grudnia 2017 r. Kantar Public (dawniej Zesp\u00f3\u0142 Bada\u0144 Spo\u0142ecznych TNS Polska) przeprowadzi\u0142 badanie nastroj\u00f3w spo\u0142ecznych. Polacy zostali zapytani o opini\u0119 na <!--more-->temat kierunku biegu spraw w naszym kraju, ocen\u0119 stanu polskiej gospodarki i prognoz\u0119 zmian sytuacji materialnej ludno\u015bci w ci\u0105gu najbli\u017cszych trzech lat, a tak\u017ce o ocen\u0119 mo\u017cliwo\u015bci znalezienia pracy w Polsce. W komunikacie prezentujemy wyniki uzyskane w grudniu ukazane w podziale na pokolenia BB, X oraz Y.<\/p>\n","protected":false},"excerpt":{"rendered":"<p>Na pocz\u0105tku grudnia 2017 r. Kantar Public (dawniej Zesp\u00f3\u0142 Bada\u0144 Spo\u0142ecznych TNS Polska) przeprowadzi\u0142 badanie nastroj\u00f3w spo\u0142ecznych. Polacy zostali zapytani o opini\u0119 na<\/p>\n","protected":false},"author":16,"featured_media":0,"comment_status":"closed","ping_status":"closed","sticky":false,"template":"","format":"standard","meta":{"ngg_post_thumbnail":0},"categories":[1],"tags":[165],"_links":{"self":[{"href":"https:\/\/public.kantarpolska.com\/archiwumraportow\/wp-json\/wp\/v2\/posts\/6947"}],"collection":[{"href":"https:\/\/public.kantarpolska.com\/archiwumraportow\/wp-json\/wp\/v2\/posts"}],"about":[{"href":"https:\/\/public.kantarpolska.com\/archiwumraportow\/wp-json\/wp\/v2\/types\/post"}],"author":[{"embeddable":true,"href":"https:\/\/public.kantarpolska.com\/archiwumraportow\/wp-json\/wp\/v2\/users\/16"}],"replies":[{"embeddable":true,"href":"https:\/\/public.kantarpolska.com\/archiwumraportow\/wp-json\/wp\/v2\/comments?post=6947"}],"version-history":[{"count":1,"href":"https:\/\/public.kantarpolska.com\/archiwumraportow\/wp-json\/wp\/v2\/posts\/6947\/revisions"}],"predecessor-version":[{"id":6949,"href":"https:\/\/public.kantarpolska.com\/archiwumraportow\/wp-json\/wp\/v2\/posts\/6947\/revisions\/6949"}],"wp:attachment":[{"href":"https:\/\/public.kantarpolska.com\/archiwumraportow\/wp-json\/wp\/v2\/media?parent=6947"}],"wp:term":[{"taxonomy":"category","embeddable":true,"href":"https:\/\/public.kantarpolska.com\/archiwumraportow\/wp-json\/wp\/v2\/categories?post=6947"},{"taxonomy":"post_tag","embeddable":true,"href":"https:\/\/public.kantarpolska.com\/archiwumraportow\/wp-json\/wp\/v2\/tags?post=6947"}],"curies":[{"name":"wp","href":"https:\/\/api.w.org\/{rel}","templated":true}]}}