
{"id":6940,"date":"2018-01-03T10:05:25","date_gmt":"2018-01-03T10:05:25","guid":{"rendered":"https:\/\/www.tnsglobal.pl\/archiwumraportow\/?p=6940"},"modified":"2018-01-04T14:51:16","modified_gmt":"2018-01-04T14:51:16","slug":"znajomosc-organizacji-dobroczynnych-oraz-ich-liderow-grudzien-2017","status":"publish","type":"post","link":"https:\/\/public.kantarpolska.com\/archiwumraportow\/2018\/01\/03\/znajomosc-organizacji-dobroczynnych-oraz-ich-liderow-grudzien-2017\/","title":{"rendered":"Znajomo\u015b\u0107 organizacji dobroczynnych oraz ich lider\u00f3w. Grudzie\u0144 2017"},"content":{"rendered":"<p>\u015awi\u0119ta to okres, w kt\u00f3rym cichn\u0105 spory, staramy si\u0119 by\u0107 \u017cyczliwi dla innych, a tradycja nakazuje zostawi\u0107 przy wigilijnym stole dodatkowe miejsce dla zb\u0142\u0105kanego w\u0119drowca. Czas \u015bwi\u0105tecznej zadumy sprzyja dzia\u0142alno\u015bci organizacji charytatywnych.\u00a0Na pocz\u0105tku grudnia<!--more--> 2017 roku \u2013 podobnie jak w latach poprzednich postanowili\u015bmy sprawdzi\u0107, jakie organizacje dobroczynne znaj\u0105 Polacy, a tak\u017ce zapytali\u015bmy o znajomo\u015b\u0107 poszczeg\u00f3lnych lider\u00f3w. Poni\u017cszy raport prezentuje otrzymane wyniki oraz ich por\u00f3wnanie z wynikami z lat ubieg\u0142ych.<\/p>\n","protected":false},"excerpt":{"rendered":"<p>\u015awi\u0119ta to okres, w kt\u00f3rym cichn\u0105 spory, staramy si\u0119 by\u0107 \u017cyczliwi dla innych, a tradycja nakazuje zostawi\u0107 przy wigilijnym stole dodatkowe miejsce dla zb\u0142\u0105kanego w\u0119drowca. Czas \u015bwi\u0105tecznej zadumy sprzyja dzia\u0142alno\u015bci organizacji charytatywnych.\u00a0Na pocz\u0105tku grudnia<\/p>\n","protected":false},"author":16,"featured_media":0,"comment_status":"closed","ping_status":"closed","sticky":false,"template":"","format":"standard","meta":{"ngg_post_thumbnail":0},"categories":[1],"tags":[164],"_links":{"self":[{"href":"https:\/\/public.kantarpolska.com\/archiwumraportow\/wp-json\/wp\/v2\/posts\/6940"}],"collection":[{"href":"https:\/\/public.kantarpolska.com\/archiwumraportow\/wp-json\/wp\/v2\/posts"}],"about":[{"href":"https:\/\/public.kantarpolska.com\/archiwumraportow\/wp-json\/wp\/v2\/types\/post"}],"author":[{"embeddable":true,"href":"https:\/\/public.kantarpolska.com\/archiwumraportow\/wp-json\/wp\/v2\/users\/16"}],"replies":[{"embeddable":true,"href":"https:\/\/public.kantarpolska.com\/archiwumraportow\/wp-json\/wp\/v2\/comments?post=6940"}],"version-history":[{"count":1,"href":"https:\/\/public.kantarpolska.com\/archiwumraportow\/wp-json\/wp\/v2\/posts\/6940\/revisions"}],"predecessor-version":[{"id":6942,"href":"https:\/\/public.kantarpolska.com\/archiwumraportow\/wp-json\/wp\/v2\/posts\/6940\/revisions\/6942"}],"wp:attachment":[{"href":"https:\/\/public.kantarpolska.com\/archiwumraportow\/wp-json\/wp\/v2\/media?parent=6940"}],"wp:term":[{"taxonomy":"category","embeddable":true,"href":"https:\/\/public.kantarpolska.com\/archiwumraportow\/wp-json\/wp\/v2\/categories?post=6940"},{"taxonomy":"post_tag","embeddable":true,"href":"https:\/\/public.kantarpolska.com\/archiwumraportow\/wp-json\/wp\/v2\/tags?post=6940"}],"curies":[{"name":"wp","href":"https:\/\/api.w.org\/{rel}","templated":true}]}}