
{"id":6930,"date":"2017-12-14T11:33:41","date_gmt":"2017-12-14T11:33:41","guid":{"rendered":"https:\/\/www.tnsglobal.pl\/archiwumraportow\/?p=6930"},"modified":"2017-12-14T11:33:41","modified_gmt":"2017-12-14T11:33:41","slug":"ocena-dzialalnosci-rzadu-premiera-i-prezydenta-grudzien-2017","status":"publish","type":"post","link":"https:\/\/public.kantarpolska.com\/archiwumraportow\/2017\/12\/14\/ocena-dzialalnosci-rzadu-premiera-i-prezydenta-grudzien-2017\/","title":{"rendered":"Ocena dzia\u0142alno\u015bci rz\u0105du, premiera i prezydenta. Grudzie\u0144 2017"},"content":{"rendered":"<p>W pierwszej po\u0142owie grudnia 2017 roku Kantar Public (dawniej Zesp\u00f3\u0142 Bada\u0144 Spo\u0142ecznych TNS Polska) przeprowadzi\u0142 cykliczny sonda\u017c, w kt\u00f3rym respondenci oceniali prac\u0119 rz\u0105du, premier Beaty Szyd\u0142o oraz prezydenta Andrzeja Dudy. W raporcie opisane s\u0105 najnowsze <!--more-->wyniki oraz ich por\u00f3wnanie z danymi z poprzednich miesi\u0119cy.<\/p>\n","protected":false},"excerpt":{"rendered":"<p>W pierwszej po\u0142owie grudnia 2017 roku Kantar Public (dawniej Zesp\u00f3\u0142 Bada\u0144 Spo\u0142ecznych TNS Polska) przeprowadzi\u0142 cykliczny sonda\u017c, w kt\u00f3rym respondenci oceniali prac\u0119 rz\u0105du, premier Beaty Szyd\u0142o oraz prezydenta Andrzeja Dudy. W raporcie opisane s\u0105 najnowsze<\/p>\n","protected":false},"author":16,"featured_media":0,"comment_status":"closed","ping_status":"closed","sticky":false,"template":"","format":"standard","meta":{"ngg_post_thumbnail":0},"categories":[1],"tags":[156],"_links":{"self":[{"href":"https:\/\/public.kantarpolska.com\/archiwumraportow\/wp-json\/wp\/v2\/posts\/6930"}],"collection":[{"href":"https:\/\/public.kantarpolska.com\/archiwumraportow\/wp-json\/wp\/v2\/posts"}],"about":[{"href":"https:\/\/public.kantarpolska.com\/archiwumraportow\/wp-json\/wp\/v2\/types\/post"}],"author":[{"embeddable":true,"href":"https:\/\/public.kantarpolska.com\/archiwumraportow\/wp-json\/wp\/v2\/users\/16"}],"replies":[{"embeddable":true,"href":"https:\/\/public.kantarpolska.com\/archiwumraportow\/wp-json\/wp\/v2\/comments?post=6930"}],"version-history":[{"count":1,"href":"https:\/\/public.kantarpolska.com\/archiwumraportow\/wp-json\/wp\/v2\/posts\/6930\/revisions"}],"predecessor-version":[{"id":6932,"href":"https:\/\/public.kantarpolska.com\/archiwumraportow\/wp-json\/wp\/v2\/posts\/6930\/revisions\/6932"}],"wp:attachment":[{"href":"https:\/\/public.kantarpolska.com\/archiwumraportow\/wp-json\/wp\/v2\/media?parent=6930"}],"wp:term":[{"taxonomy":"category","embeddable":true,"href":"https:\/\/public.kantarpolska.com\/archiwumraportow\/wp-json\/wp\/v2\/categories?post=6930"},{"taxonomy":"post_tag","embeddable":true,"href":"https:\/\/public.kantarpolska.com\/archiwumraportow\/wp-json\/wp\/v2\/tags?post=6930"}],"curies":[{"name":"wp","href":"https:\/\/api.w.org\/{rel}","templated":true}]}}