
{"id":6921,"date":"2017-12-05T16:06:07","date_gmt":"2017-12-05T16:06:07","guid":{"rendered":"https:\/\/www.tnsglobal.pl\/archiwumraportow\/?p=6921"},"modified":"2017-12-05T16:06:07","modified_gmt":"2017-12-05T16:06:07","slug":"jakosc-powietrza-w-unii-europejskiej-grudzien-2017","status":"publish","type":"post","link":"https:\/\/public.kantarpolska.com\/archiwumraportow\/2017\/12\/05\/jakosc-powietrza-w-unii-europejskiej-grudzien-2017\/","title":{"rendered":"Jako\u015b\u0107 powietrza w Unii Europejskiej. Grudzie\u0144 2017"},"content":{"rendered":"<p>W og\u00f3lnoeuropejskim badaniu Eurobarometr, przeprowadzanym regularnie przez Kantar TNS na zlecenie Komisji Europejskiej, pod koniec wrze\u015bnia 2017 r. poruszone <!--more-->zosta\u0142y tematy zwi\u0105zane z jako\u015bci\u0105 powietrza. W komunikacie przedstawione zosta\u0142y opinie respondent\u00f3w z Polski oraz wszystkich 28 kraj\u00f3w Wsp\u00f3lnoty.<\/p>\n","protected":false},"excerpt":{"rendered":"<p>W og\u00f3lnoeuropejskim badaniu Eurobarometr, przeprowadzanym regularnie przez Kantar TNS na zlecenie Komisji Europejskiej, pod koniec wrze\u015bnia 2017 r. poruszone<\/p>\n","protected":false},"author":16,"featured_media":0,"comment_status":"closed","ping_status":"closed","sticky":false,"template":"","format":"standard","meta":{"ngg_post_thumbnail":0},"categories":[1],"tags":[162],"_links":{"self":[{"href":"https:\/\/public.kantarpolska.com\/archiwumraportow\/wp-json\/wp\/v2\/posts\/6921"}],"collection":[{"href":"https:\/\/public.kantarpolska.com\/archiwumraportow\/wp-json\/wp\/v2\/posts"}],"about":[{"href":"https:\/\/public.kantarpolska.com\/archiwumraportow\/wp-json\/wp\/v2\/types\/post"}],"author":[{"embeddable":true,"href":"https:\/\/public.kantarpolska.com\/archiwumraportow\/wp-json\/wp\/v2\/users\/16"}],"replies":[{"embeddable":true,"href":"https:\/\/public.kantarpolska.com\/archiwumraportow\/wp-json\/wp\/v2\/comments?post=6921"}],"version-history":[{"count":1,"href":"https:\/\/public.kantarpolska.com\/archiwumraportow\/wp-json\/wp\/v2\/posts\/6921\/revisions"}],"predecessor-version":[{"id":6925,"href":"https:\/\/public.kantarpolska.com\/archiwumraportow\/wp-json\/wp\/v2\/posts\/6921\/revisions\/6925"}],"wp:attachment":[{"href":"https:\/\/public.kantarpolska.com\/archiwumraportow\/wp-json\/wp\/v2\/media?parent=6921"}],"wp:term":[{"taxonomy":"category","embeddable":true,"href":"https:\/\/public.kantarpolska.com\/archiwumraportow\/wp-json\/wp\/v2\/categories?post=6921"},{"taxonomy":"post_tag","embeddable":true,"href":"https:\/\/public.kantarpolska.com\/archiwumraportow\/wp-json\/wp\/v2\/tags?post=6921"}],"curies":[{"name":"wp","href":"https:\/\/api.w.org\/{rel}","templated":true}]}}