
{"id":6906,"date":"2017-11-15T16:36:38","date_gmt":"2017-11-15T16:36:38","guid":{"rendered":"https:\/\/www.tnsglobal.pl\/archiwumraportow\/?p=6906"},"modified":"2017-11-15T16:36:38","modified_gmt":"2017-11-15T16:36:38","slug":"dobre-2-lata-listopad-2017","status":"publish","type":"post","link":"https:\/\/public.kantarpolska.com\/archiwumraportow\/2017\/11\/15\/dobre-2-lata-listopad-2017\/","title":{"rendered":"Dobre 2 lata? Listopad 2017"},"content":{"rendered":"<p>Na pocz\u0105tku listopada 2017 r. Kantar Public (dawniej Zesp\u00f3\u0142 Bada\u0144 Spo\u0142ecznych TNS Polska) przeprowadzi\u0142 badanie, w kt\u00f3rym Polacy oceniali zmiany wprowadzone w czasie rz\u0105d\u00f3w <!--more-->Prawa i Sprawiedliwo\u015bci.<\/p>\n<p>Polacy zostali zapytani o opini\u0119 na temat tego, czy zasz\u0142y jakie\u015b zmiany od czasu obj\u0119cia rz\u0105d\u00f3w przez PiS, jak oceniane s\u0105 te zmiany oraz czy Platforma Obywatelska rz\u0105dzi\u0142aby lepiej, tak samo, czy gorzej ni\u017c PiS.<br \/>\nKomunikat prezentuje wyniki uzyskane w listopadzie i zestawia je z danymi z 2007 roku, zebranymi za poprzednich rz\u0105d\u00f3w Prawa i Sprawiedliwo\u015bci.<\/p>\n","protected":false},"excerpt":{"rendered":"<p>Na pocz\u0105tku listopada 2017 r. Kantar Public (dawniej Zesp\u00f3\u0142 Bada\u0144 Spo\u0142ecznych TNS Polska) przeprowadzi\u0142 badanie, w kt\u00f3rym Polacy oceniali zmiany wprowadzone w czasie rz\u0105d\u00f3w<\/p>\n","protected":false},"author":16,"featured_media":0,"comment_status":"closed","ping_status":"closed","sticky":false,"template":"","format":"standard","meta":{"ngg_post_thumbnail":0},"categories":[1],"tags":[159,158,10],"_links":{"self":[{"href":"https:\/\/public.kantarpolska.com\/archiwumraportow\/wp-json\/wp\/v2\/posts\/6906"}],"collection":[{"href":"https:\/\/public.kantarpolska.com\/archiwumraportow\/wp-json\/wp\/v2\/posts"}],"about":[{"href":"https:\/\/public.kantarpolska.com\/archiwumraportow\/wp-json\/wp\/v2\/types\/post"}],"author":[{"embeddable":true,"href":"https:\/\/public.kantarpolska.com\/archiwumraportow\/wp-json\/wp\/v2\/users\/16"}],"replies":[{"embeddable":true,"href":"https:\/\/public.kantarpolska.com\/archiwumraportow\/wp-json\/wp\/v2\/comments?post=6906"}],"version-history":[{"count":1,"href":"https:\/\/public.kantarpolska.com\/archiwumraportow\/wp-json\/wp\/v2\/posts\/6906\/revisions"}],"predecessor-version":[{"id":6908,"href":"https:\/\/public.kantarpolska.com\/archiwumraportow\/wp-json\/wp\/v2\/posts\/6906\/revisions\/6908"}],"wp:attachment":[{"href":"https:\/\/public.kantarpolska.com\/archiwumraportow\/wp-json\/wp\/v2\/media?parent=6906"}],"wp:term":[{"taxonomy":"category","embeddable":true,"href":"https:\/\/public.kantarpolska.com\/archiwumraportow\/wp-json\/wp\/v2\/categories?post=6906"},{"taxonomy":"post_tag","embeddable":true,"href":"https:\/\/public.kantarpolska.com\/archiwumraportow\/wp-json\/wp\/v2\/tags?post=6906"}],"curies":[{"name":"wp","href":"https:\/\/api.w.org\/{rel}","templated":true}]}}