
{"id":6871,"date":"2017-09-06T14:58:14","date_gmt":"2017-09-06T14:58:14","guid":{"rendered":"https:\/\/www.tnsglobal.pl\/archiwumraportow\/?p=6871"},"modified":"2017-09-06T14:58:28","modified_gmt":"2017-09-06T14:58:28","slug":"6871","status":"publish","type":"post","link":"https:\/\/public.kantarpolska.com\/archiwumraportow\/2017\/09\/06\/6871\/","title":{"rendered":"Cyfrowa s\u0142u\u017cba zdrowia"},"content":{"rendered":"<p>W og\u00f3lnoeuropejskim badaniu Eurobarometr, przeprowadzanym regularnie przez Kantar TNS na zlecenie Komisji Europejskiej, w marcu 2017r. poruszane zosta\u0142y temat umiej\u0119tno\u015bci i obycia Europejczyk\u00f3w z technologiami cyfrowymi. W komunikacie <!--more-->przedstawione zosta\u0142y opinie respondent\u00f3w z Polski oraz wszystkich 28 kraj\u00f3w Wsp\u00f3lnoty na\u00a0 temat s\u0142u\u017cby zdrowia i poszerzania przez ni\u0105 \u015bwiadczonych us\u0142ug o cyfrowe.<\/p>\n<p>Komunikat prezentuje wybrane wyniki dla Polski oraz ca\u0142ej Unii Europejskiej. Pe\u0142ny raport z badania dost\u0119pny jest na stronie: http:\/\/ec.europa.eu\/commfrontoffice\/publicopinion<\/p>\n","protected":false},"excerpt":{"rendered":"<p>W og\u00f3lnoeuropejskim badaniu Eurobarometr, przeprowadzanym regularnie przez Kantar TNS na zlecenie Komisji Europejskiej, w marcu 2017r. poruszane zosta\u0142y temat umiej\u0119tno\u015bci i obycia Europejczyk\u00f3w z technologiami cyfrowymi. W komunikacie<\/p>\n","protected":false},"author":16,"featured_media":0,"comment_status":"closed","ping_status":"closed","sticky":false,"template":"","format":"standard","meta":{"ngg_post_thumbnail":0},"categories":[1],"tags":[120,57,20],"_links":{"self":[{"href":"https:\/\/public.kantarpolska.com\/archiwumraportow\/wp-json\/wp\/v2\/posts\/6871"}],"collection":[{"href":"https:\/\/public.kantarpolska.com\/archiwumraportow\/wp-json\/wp\/v2\/posts"}],"about":[{"href":"https:\/\/public.kantarpolska.com\/archiwumraportow\/wp-json\/wp\/v2\/types\/post"}],"author":[{"embeddable":true,"href":"https:\/\/public.kantarpolska.com\/archiwumraportow\/wp-json\/wp\/v2\/users\/16"}],"replies":[{"embeddable":true,"href":"https:\/\/public.kantarpolska.com\/archiwumraportow\/wp-json\/wp\/v2\/comments?post=6871"}],"version-history":[{"count":2,"href":"https:\/\/public.kantarpolska.com\/archiwumraportow\/wp-json\/wp\/v2\/posts\/6871\/revisions"}],"predecessor-version":[{"id":6874,"href":"https:\/\/public.kantarpolska.com\/archiwumraportow\/wp-json\/wp\/v2\/posts\/6871\/revisions\/6874"}],"wp:attachment":[{"href":"https:\/\/public.kantarpolska.com\/archiwumraportow\/wp-json\/wp\/v2\/media?parent=6871"}],"wp:term":[{"taxonomy":"category","embeddable":true,"href":"https:\/\/public.kantarpolska.com\/archiwumraportow\/wp-json\/wp\/v2\/categories?post=6871"},{"taxonomy":"post_tag","embeddable":true,"href":"https:\/\/public.kantarpolska.com\/archiwumraportow\/wp-json\/wp\/v2\/tags?post=6871"}],"curies":[{"name":"wp","href":"https:\/\/api.w.org\/{rel}","templated":true}]}}