
{"id":6780,"date":"2017-03-31T09:37:20","date_gmt":"2017-03-31T09:37:20","guid":{"rendered":"https:\/\/www.tnsglobal.pl\/archiwumraportow\/?p=6780"},"modified":"2017-04-03T08:26:02","modified_gmt":"2017-04-03T08:26:02","slug":"telefoniczny-savoir-vivre","status":"publish","type":"post","link":"https:\/\/public.kantarpolska.com\/archiwumraportow\/2017\/03\/31\/telefoniczny-savoir-vivre\/","title":{"rendered":"Telefoniczny savoir vivre"},"content":{"rendered":"<p>Na pocz\u0105tku stycznia 2017 r. Kantar Public (dawniej Zesp\u00f3\u0142 Bada\u0144 Spo\u0142ecznych TNS Polska) przeprowadzi\u0142 badanie dotycz\u0105ce korzystania z telefon\u00f3w kom\u00f3rkowych w miejscach publicznych. Polacy zostali zapytani o to,\u00a0 w jakich sytuacjach akceptuj\u0105 <!--more-->rozmawianie przez telefon kom\u00f3rkowy, a w jakich nie. W poni\u017cszym raporcie odpowiadamy m.in. na pytanie, czy w opinii Polak\u00f3w zdarza si\u0119, \u017ce ludzie w naszym otoczeniu g\u0142o\u015bno rozmawiaj\u0105 przez telefon lub u\u017cywaj\u0105 go w inny, denerwuj\u0105cy spos\u00f3b. Otrzymane wyniki por\u00f3wnano z uzyskanymi w badaniu przeprowadzonym przez Pew Research Center w Stanach Zjednoczonych na prze\u0142omie maja i czerwca 2014 r.<\/p>\n","protected":false},"excerpt":{"rendered":"<p>Na pocz\u0105tku stycznia 2017 r. Kantar Public (dawniej Zesp\u00f3\u0142 Bada\u0144 Spo\u0142ecznych TNS Polska) przeprowadzi\u0142 badanie dotycz\u0105ce korzystania z telefon\u00f3w kom\u00f3rkowych w miejscach publicznych. Polacy zostali zapytani o to,\u00a0 w jakich sytuacjach akceptuj\u0105<\/p>\n","protected":false},"author":16,"featured_media":0,"comment_status":"closed","ping_status":"closed","sticky":false,"template":"","format":"standard","meta":{"ngg_post_thumbnail":0},"categories":[1],"tags":[71,97,144],"_links":{"self":[{"href":"https:\/\/public.kantarpolska.com\/archiwumraportow\/wp-json\/wp\/v2\/posts\/6780"}],"collection":[{"href":"https:\/\/public.kantarpolska.com\/archiwumraportow\/wp-json\/wp\/v2\/posts"}],"about":[{"href":"https:\/\/public.kantarpolska.com\/archiwumraportow\/wp-json\/wp\/v2\/types\/post"}],"author":[{"embeddable":true,"href":"https:\/\/public.kantarpolska.com\/archiwumraportow\/wp-json\/wp\/v2\/users\/16"}],"replies":[{"embeddable":true,"href":"https:\/\/public.kantarpolska.com\/archiwumraportow\/wp-json\/wp\/v2\/comments?post=6780"}],"version-history":[{"count":2,"href":"https:\/\/public.kantarpolska.com\/archiwumraportow\/wp-json\/wp\/v2\/posts\/6780\/revisions"}],"predecessor-version":[{"id":6783,"href":"https:\/\/public.kantarpolska.com\/archiwumraportow\/wp-json\/wp\/v2\/posts\/6780\/revisions\/6783"}],"wp:attachment":[{"href":"https:\/\/public.kantarpolska.com\/archiwumraportow\/wp-json\/wp\/v2\/media?parent=6780"}],"wp:term":[{"taxonomy":"category","embeddable":true,"href":"https:\/\/public.kantarpolska.com\/archiwumraportow\/wp-json\/wp\/v2\/categories?post=6780"},{"taxonomy":"post_tag","embeddable":true,"href":"https:\/\/public.kantarpolska.com\/archiwumraportow\/wp-json\/wp\/v2\/tags?post=6780"}],"curies":[{"name":"wp","href":"https:\/\/api.w.org\/{rel}","templated":true}]}}