
{"id":6698,"date":"2016-12-09T14:27:00","date_gmt":"2016-12-09T14:27:00","guid":{"rendered":"https:\/\/www.tnsglobal.pl\/archiwumraportow\/?p=6698"},"modified":"2016-12-09T14:27:20","modified_gmt":"2016-12-09T14:27:20","slug":"pamiec-o-stanie-wojennym-grudzien-2016","status":"publish","type":"post","link":"https:\/\/public.kantarpolska.com\/archiwumraportow\/2016\/12\/09\/pamiec-o-stanie-wojennym-grudzien-2016\/","title":{"rendered":"Pami\u0119\u0107 o stanie wojennym. Grudzie\u0144 2016"},"content":{"rendered":"<p>13 grudnia 2016 roku minie 35 lat od wprowadzenia stanu wojennego \u2013 jednego z najwa\u017cniejszych i najbardziej dramatycznych wydarze\u0144 w najnowszej historii Polski. W listopadzie 2016 roku Kantar Public (dawniej Zesp\u00f3\u0142 Bada\u0144 Spo\u0142ecznych TNS Polska) <!--more-->zapyta\u0142 Polak\u00f3w o ich opinie na ten temat.<\/p>\n<p>Niniejszy raport zdaje spraw\u0119 przede wszystkim z wynik\u00f3w badania przeprowadzonego w 2016 roku, ale odnosi si\u0119 r\u00f3wnie\u017c do bada\u0144 wcze\u015bniejszych. Pozwala to na por\u00f3wnanie opinii publicznej na temat wprowadzenia stanu wojennego obejmuj\u0105ce ostatnie 20 lat.<\/p>\n","protected":false},"excerpt":{"rendered":"<p>13 grudnia 2016 roku minie 35 lat od wprowadzenia stanu wojennego \u2013 jednego z najwa\u017cniejszych i najbardziej dramatycznych wydarze\u0144 w najnowszej historii Polski. W listopadzie 2016 roku Kantar Public (dawniej Zesp\u00f3\u0142 Bada\u0144 Spo\u0142ecznych TNS Polska)<\/p>\n","protected":false},"author":16,"featured_media":0,"comment_status":"closed","ping_status":"closed","sticky":false,"template":"","format":"standard","meta":{"ngg_post_thumbnail":0},"categories":[1],"tags":[127,61,93],"_links":{"self":[{"href":"https:\/\/public.kantarpolska.com\/archiwumraportow\/wp-json\/wp\/v2\/posts\/6698"}],"collection":[{"href":"https:\/\/public.kantarpolska.com\/archiwumraportow\/wp-json\/wp\/v2\/posts"}],"about":[{"href":"https:\/\/public.kantarpolska.com\/archiwumraportow\/wp-json\/wp\/v2\/types\/post"}],"author":[{"embeddable":true,"href":"https:\/\/public.kantarpolska.com\/archiwumraportow\/wp-json\/wp\/v2\/users\/16"}],"replies":[{"embeddable":true,"href":"https:\/\/public.kantarpolska.com\/archiwumraportow\/wp-json\/wp\/v2\/comments?post=6698"}],"version-history":[{"count":1,"href":"https:\/\/public.kantarpolska.com\/archiwumraportow\/wp-json\/wp\/v2\/posts\/6698\/revisions"}],"predecessor-version":[{"id":6700,"href":"https:\/\/public.kantarpolska.com\/archiwumraportow\/wp-json\/wp\/v2\/posts\/6698\/revisions\/6700"}],"wp:attachment":[{"href":"https:\/\/public.kantarpolska.com\/archiwumraportow\/wp-json\/wp\/v2\/media?parent=6698"}],"wp:term":[{"taxonomy":"category","embeddable":true,"href":"https:\/\/public.kantarpolska.com\/archiwumraportow\/wp-json\/wp\/v2\/categories?post=6698"},{"taxonomy":"post_tag","embeddable":true,"href":"https:\/\/public.kantarpolska.com\/archiwumraportow\/wp-json\/wp\/v2\/tags?post=6698"}],"curies":[{"name":"wp","href":"https:\/\/api.w.org\/{rel}","templated":true}]}}