
{"id":6692,"date":"2016-12-02T11:37:41","date_gmt":"2016-12-02T11:37:41","guid":{"rendered":"https:\/\/www.tnsglobal.pl\/archiwumraportow\/?p=6692"},"modified":"2016-12-02T11:37:41","modified_gmt":"2016-12-02T11:37:41","slug":"ocena-dzialalnosci-rzadu-premiera-i-prezydenta-listopad-2016","status":"publish","type":"post","link":"https:\/\/public.kantarpolska.com\/archiwumraportow\/2016\/12\/02\/ocena-dzialalnosci-rzadu-premiera-i-prezydenta-listopad-2016\/","title":{"rendered":"Ocena dzia\u0142alno\u015bci rz\u0105du, premiera i prezydenta. Listopad 2016"},"content":{"rendered":"<p>W listopadzie 2016 r. Kantar Public (dawniej Zesp\u00f3\u0142 Bada\u0144 Spo\u0142ecznych TNS Polska), jak co miesi\u0105c, zapyta\u0142 Polak\u00f3w, jak oceniaj\u0105 prac\u0119 rz\u0105du, pani premier Beaty Szyd\u0142o oraz prezydenta Andrzeja Dudy. Raport prezentuje najnowsze wyniki oraz ich por\u00f3wnanie z <!--more-->danymi z poprzednich miesi\u0119cy.<\/p>\n","protected":false},"excerpt":{"rendered":"<p>W listopadzie 2016 r. Kantar Public (dawniej Zesp\u00f3\u0142 Bada\u0144 Spo\u0142ecznych TNS Polska), jak co miesi\u0105c, zapyta\u0142 Polak\u00f3w, jak oceniaj\u0105 prac\u0119 rz\u0105du, pani premier Beaty Szyd\u0142o oraz prezydenta Andrzeja Dudy. Raport prezentuje najnowsze wyniki oraz ich por\u00f3wnanie z<\/p>\n","protected":false},"author":16,"featured_media":0,"comment_status":"closed","ping_status":"closed","sticky":false,"template":"","format":"standard","meta":{"ngg_post_thumbnail":0},"categories":[1],"tags":[11,12,10],"_links":{"self":[{"href":"https:\/\/public.kantarpolska.com\/archiwumraportow\/wp-json\/wp\/v2\/posts\/6692"}],"collection":[{"href":"https:\/\/public.kantarpolska.com\/archiwumraportow\/wp-json\/wp\/v2\/posts"}],"about":[{"href":"https:\/\/public.kantarpolska.com\/archiwumraportow\/wp-json\/wp\/v2\/types\/post"}],"author":[{"embeddable":true,"href":"https:\/\/public.kantarpolska.com\/archiwumraportow\/wp-json\/wp\/v2\/users\/16"}],"replies":[{"embeddable":true,"href":"https:\/\/public.kantarpolska.com\/archiwumraportow\/wp-json\/wp\/v2\/comments?post=6692"}],"version-history":[{"count":1,"href":"https:\/\/public.kantarpolska.com\/archiwumraportow\/wp-json\/wp\/v2\/posts\/6692\/revisions"}],"predecessor-version":[{"id":6694,"href":"https:\/\/public.kantarpolska.com\/archiwumraportow\/wp-json\/wp\/v2\/posts\/6692\/revisions\/6694"}],"wp:attachment":[{"href":"https:\/\/public.kantarpolska.com\/archiwumraportow\/wp-json\/wp\/v2\/media?parent=6692"}],"wp:term":[{"taxonomy":"category","embeddable":true,"href":"https:\/\/public.kantarpolska.com\/archiwumraportow\/wp-json\/wp\/v2\/categories?post=6692"},{"taxonomy":"post_tag","embeddable":true,"href":"https:\/\/public.kantarpolska.com\/archiwumraportow\/wp-json\/wp\/v2\/tags?post=6692"}],"curies":[{"name":"wp","href":"https:\/\/api.w.org\/{rel}","templated":true}]}}