
{"id":6663,"date":"2016-11-10T15:18:26","date_gmt":"2016-11-10T15:18:26","guid":{"rendered":"https:\/\/www.tnsglobal.pl\/archiwumraportow\/?p=6663"},"modified":"2016-11-10T15:19:15","modified_gmt":"2016-11-10T15:19:15","slug":"polacy-o-zwyciestwie-donalda-trumpa-w-wyborach-prezydenckich-w-usa","status":"publish","type":"post","link":"https:\/\/public.kantarpolska.com\/archiwumraportow\/2016\/11\/10\/polacy-o-zwyciestwie-donalda-trumpa-w-wyborach-prezydenckich-w-usa\/","title":{"rendered":"Polacy o zwyci\u0119stwie Donalda Trumpa w wyborach prezydenckich w USA"},"content":{"rendered":"<p>8 listopada 2016 roku odby\u0142y si\u0119 wybory prezydenckie w Stanach Zjednoczonych. O najwy\u017cszy urz\u0105d w USA walczyli kandydatka demokrat\u00f3w, by\u0142a sekretarz stanu Hillary Clinton oraz kandydat republikan\u00f3w, biznesmen Donald Trump. 45. prezydentem USA <!--more-->zostanie Donald Trump.<\/p>\n<p>Dzie\u0144 po wyborach \u2013 9 listopada \u2013 Kantar Public (dawniej Zesp\u00f3\u0142 Bada\u0144 Spo\u0142ecznych TNS Polska) zapyta\u0142 Polak\u00f3w o ich odczucia zwi\u0105zane z wygran\u0105 tego kandydata.<\/p>\n","protected":false},"excerpt":{"rendered":"<p>8 listopada 2016 roku odby\u0142y si\u0119 wybory prezydenckie w Stanach Zjednoczonych. O najwy\u017cszy urz\u0105d w USA walczyli kandydatka demokrat\u00f3w, by\u0142a sekretarz stanu Hillary Clinton oraz kandydat republikan\u00f3w, biznesmen Donald Trump. 45. prezydentem USA<\/p>\n","protected":false},"author":16,"featured_media":0,"comment_status":"closed","ping_status":"closed","sticky":false,"template":"","format":"standard","meta":{"ngg_post_thumbnail":0},"categories":[1],"tags":[89],"_links":{"self":[{"href":"https:\/\/public.kantarpolska.com\/archiwumraportow\/wp-json\/wp\/v2\/posts\/6663"}],"collection":[{"href":"https:\/\/public.kantarpolska.com\/archiwumraportow\/wp-json\/wp\/v2\/posts"}],"about":[{"href":"https:\/\/public.kantarpolska.com\/archiwumraportow\/wp-json\/wp\/v2\/types\/post"}],"author":[{"embeddable":true,"href":"https:\/\/public.kantarpolska.com\/archiwumraportow\/wp-json\/wp\/v2\/users\/16"}],"replies":[{"embeddable":true,"href":"https:\/\/public.kantarpolska.com\/archiwumraportow\/wp-json\/wp\/v2\/comments?post=6663"}],"version-history":[{"count":2,"href":"https:\/\/public.kantarpolska.com\/archiwumraportow\/wp-json\/wp\/v2\/posts\/6663\/revisions"}],"predecessor-version":[{"id":6666,"href":"https:\/\/public.kantarpolska.com\/archiwumraportow\/wp-json\/wp\/v2\/posts\/6663\/revisions\/6666"}],"wp:attachment":[{"href":"https:\/\/public.kantarpolska.com\/archiwumraportow\/wp-json\/wp\/v2\/media?parent=6663"}],"wp:term":[{"taxonomy":"category","embeddable":true,"href":"https:\/\/public.kantarpolska.com\/archiwumraportow\/wp-json\/wp\/v2\/categories?post=6663"},{"taxonomy":"post_tag","embeddable":true,"href":"https:\/\/public.kantarpolska.com\/archiwumraportow\/wp-json\/wp\/v2\/tags?post=6663"}],"curies":[{"name":"wp","href":"https:\/\/api.w.org\/{rel}","templated":true}]}}