
{"id":6609,"date":"2016-08-26T14:29:15","date_gmt":"2016-08-26T14:29:15","guid":{"rendered":"https:\/\/www.tnsglobal.pl\/archiwumraportow\/?p=6609"},"modified":"2016-08-26T14:29:15","modified_gmt":"2016-08-26T14:29:15","slug":"ocena-dzialalnosci-rzadu-premiera-i-prezydenta-w-sierpniu-2016-roku","status":"publish","type":"post","link":"https:\/\/public.kantarpolska.com\/archiwumraportow\/2016\/08\/26\/ocena-dzialalnosci-rzadu-premiera-i-prezydenta-w-sierpniu-2016-roku\/","title":{"rendered":"Ocena dzia\u0142alno\u015bci rz\u0105du, premiera i prezydenta w sierpniu 2016 roku"},"content":{"rendered":"<p>W sierpniu 2016 r. TNS Polska, jak co miesi\u0105c, zapyta\u0142 Polak\u00f3w, jak oceniaj\u0105 prac\u0119 rz\u0105du, pani premier Beaty Szyd\u0142o oraz prezydenta Andrzeja Dudy. Raport prezentuje najnowsze wyniki oraz ich por\u00f3wnanie z danymi z poprzednich miesi\u0119cy.<!--more--><\/p>\n","protected":false},"excerpt":{"rendered":"<p>W sierpniu 2016 r. TNS Polska, jak co miesi\u0105c, zapyta\u0142 Polak\u00f3w, jak oceniaj\u0105 prac\u0119 rz\u0105du, pani premier Beaty Szyd\u0142o oraz prezydenta Andrzeja Dudy. Raport prezentuje najnowsze wyniki oraz ich por\u00f3wnanie z danymi z poprzednich miesi\u0119cy.<\/p>\n","protected":false},"author":16,"featured_media":0,"comment_status":"closed","ping_status":"closed","sticky":false,"template":"","format":"standard","meta":{"ngg_post_thumbnail":0},"categories":[1],"tags":[11,12,10],"_links":{"self":[{"href":"https:\/\/public.kantarpolska.com\/archiwumraportow\/wp-json\/wp\/v2\/posts\/6609"}],"collection":[{"href":"https:\/\/public.kantarpolska.com\/archiwumraportow\/wp-json\/wp\/v2\/posts"}],"about":[{"href":"https:\/\/public.kantarpolska.com\/archiwumraportow\/wp-json\/wp\/v2\/types\/post"}],"author":[{"embeddable":true,"href":"https:\/\/public.kantarpolska.com\/archiwumraportow\/wp-json\/wp\/v2\/users\/16"}],"replies":[{"embeddable":true,"href":"https:\/\/public.kantarpolska.com\/archiwumraportow\/wp-json\/wp\/v2\/comments?post=6609"}],"version-history":[{"count":2,"href":"https:\/\/public.kantarpolska.com\/archiwumraportow\/wp-json\/wp\/v2\/posts\/6609\/revisions"}],"predecessor-version":[{"id":6679,"href":"https:\/\/public.kantarpolska.com\/archiwumraportow\/wp-json\/wp\/v2\/posts\/6609\/revisions\/6679"}],"wp:attachment":[{"href":"https:\/\/public.kantarpolska.com\/archiwumraportow\/wp-json\/wp\/v2\/media?parent=6609"}],"wp:term":[{"taxonomy":"category","embeddable":true,"href":"https:\/\/public.kantarpolska.com\/archiwumraportow\/wp-json\/wp\/v2\/categories?post=6609"},{"taxonomy":"post_tag","embeddable":true,"href":"https:\/\/public.kantarpolska.com\/archiwumraportow\/wp-json\/wp\/v2\/tags?post=6609"}],"curies":[{"name":"wp","href":"https:\/\/api.w.org\/{rel}","templated":true}]}}