
{"id":6599,"date":"2016-08-04T09:13:57","date_gmt":"2016-08-04T09:13:57","guid":{"rendered":"https:\/\/www.tnsglobal.pl\/archiwumraportow\/?p=6599"},"modified":"2016-08-09T09:27:37","modified_gmt":"2016-08-09T09:27:37","slug":"czy-sady-i-sedziowie-sa-niezalezni-postrzeganie-wymiaru-sprawiedliwosci-przez-polakow-i-europejczykow","status":"publish","type":"post","link":"https:\/\/public.kantarpolska.com\/archiwumraportow\/2016\/08\/04\/czy-sady-i-sedziowie-sa-niezalezni-postrzeganie-wymiaru-sprawiedliwosci-przez-polakow-i-europejczykow\/","title":{"rendered":"Czy s\u0105dy i s\u0119dziowie s\u0105 niezale\u017cni? Postrzeganie wymiaru sprawiedliwo\u015bci przez Polak\u00f3w i Europejczyk\u00f3w"},"content":{"rendered":"<p>Niezawis\u0142o\u015b\u0107 s\u0105d\u00f3w i s\u0119dzi\u00f3w to jedna z podstawowych zasad demokracji. Ta konstytucyjna zasada wymiaru sprawiedliwo\u015bci gwarantuje odr\u0119bno\u015b\u0107 i niezale\u017cno\u015b\u0107 s\u0105dom, tak aby jego decyzje podejmowane by\u0142y tylko na podstawie prawa i nie podlega\u0142y<!--more--> \u017cadnym naciskom, szczeg\u00f3lnie ze strony w\u0142adzy wykonawczej. W cyklicznym badaniu TNS dla Komisji Europejskiej w ramach badania Eurobarometr mieszka\u0144cy kraj\u00f3w europejskich zostali zapytani, jak oceniaj\u0105 niezale\u017cno\u015b\u0107 s\u0105d\u00f3w i s\u0119dzi\u00f3w w swoich krajach. Najciekawsze wyniki prezentujemy w kr\u00f3tkim podsumowaniu. Zapraszamy r\u00f3wnie\u017c do zapoznania si\u0119 z pe\u0142nym raportem na stronie: <a href=\"http:\/\/bit.ly\/2anvgF5\">http:\/\/bit.ly\/2anvgF5<\/a>.<\/p>\n","protected":false},"excerpt":{"rendered":"<p>Niezawis\u0142o\u015b\u0107 s\u0105d\u00f3w i s\u0119dzi\u00f3w to jedna z podstawowych zasad demokracji. Ta konstytucyjna zasada wymiaru sprawiedliwo\u015bci gwarantuje odr\u0119bno\u015b\u0107 i niezale\u017cno\u015b\u0107 s\u0105dom, tak aby jego decyzje podejmowane by\u0142y tylko na podstawie prawa i nie podlega\u0142y<\/p>\n","protected":false},"author":16,"featured_media":0,"comment_status":"closed","ping_status":"closed","sticky":false,"template":"","format":"standard","meta":{"ngg_post_thumbnail":0},"categories":[1],"tags":[153,57,70,152],"_links":{"self":[{"href":"https:\/\/public.kantarpolska.com\/archiwumraportow\/wp-json\/wp\/v2\/posts\/6599"}],"collection":[{"href":"https:\/\/public.kantarpolska.com\/archiwumraportow\/wp-json\/wp\/v2\/posts"}],"about":[{"href":"https:\/\/public.kantarpolska.com\/archiwumraportow\/wp-json\/wp\/v2\/types\/post"}],"author":[{"embeddable":true,"href":"https:\/\/public.kantarpolska.com\/archiwumraportow\/wp-json\/wp\/v2\/users\/16"}],"replies":[{"embeddable":true,"href":"https:\/\/public.kantarpolska.com\/archiwumraportow\/wp-json\/wp\/v2\/comments?post=6599"}],"version-history":[{"count":3,"href":"https:\/\/public.kantarpolska.com\/archiwumraportow\/wp-json\/wp\/v2\/posts\/6599\/revisions"}],"predecessor-version":[{"id":6677,"href":"https:\/\/public.kantarpolska.com\/archiwumraportow\/wp-json\/wp\/v2\/posts\/6599\/revisions\/6677"}],"wp:attachment":[{"href":"https:\/\/public.kantarpolska.com\/archiwumraportow\/wp-json\/wp\/v2\/media?parent=6599"}],"wp:term":[{"taxonomy":"category","embeddable":true,"href":"https:\/\/public.kantarpolska.com\/archiwumraportow\/wp-json\/wp\/v2\/categories?post=6599"},{"taxonomy":"post_tag","embeddable":true,"href":"https:\/\/public.kantarpolska.com\/archiwumraportow\/wp-json\/wp\/v2\/tags?post=6599"}],"curies":[{"name":"wp","href":"https:\/\/api.w.org\/{rel}","templated":true}]}}