
{"id":6594,"date":"2016-08-02T12:06:14","date_gmt":"2016-08-02T12:06:14","guid":{"rendered":"https:\/\/www.tnsglobal.pl\/archiwumraportow\/?p=6594"},"modified":"2016-08-02T12:06:14","modified_gmt":"2016-08-02T12:06:14","slug":"prysznic-rano-czy-wieczorem","status":"publish","type":"post","link":"https:\/\/public.kantarpolska.com\/archiwumraportow\/2016\/08\/02\/prysznic-rano-czy-wieczorem\/","title":{"rendered":"Prysznic rano czy wieczorem?"},"content":{"rendered":"<p>D\u0142uga, gor\u0105ca k\u0105piel wieczorem czy ranny, orze\u017awiaj\u0105cy prysznic? A mo\u017ce jedno i drugie? W lipcu zapytali\u015bmy Polak\u00f3w, jak cz\u0119sto w ci\u0105gu dnia bior\u0105 k\u0105piel\/prysznic, a tak\u017ce czy wol\u0105 si\u0119 k\u0105pa\u0107 rano, czy wieczorem. Zapytali\u015bmy r\u00f3wnie\u017c, jak to jest z myciem w\u0142os\u00f3w \u2013 <!--more-->dbamy o to codziennie, czy rzadziej? Poni\u017cszy raport przedstawia uzyskane wyniki oraz ich opracowanie.<\/p>\n","protected":false},"excerpt":{"rendered":"<p>D\u0142uga, gor\u0105ca k\u0105piel wieczorem czy ranny, orze\u017awiaj\u0105cy prysznic? A mo\u017ce jedno i drugie? W lipcu zapytali\u015bmy Polak\u00f3w, jak cz\u0119sto w ci\u0105gu dnia bior\u0105 k\u0105piel\/prysznic, a tak\u017ce czy wol\u0105 si\u0119 k\u0105pa\u0107 rano, czy wieczorem. Zapytali\u015bmy r\u00f3wnie\u017c, jak to jest z myciem w\u0142os\u00f3w \u2013<\/p>\n","protected":false},"author":16,"featured_media":0,"comment_status":"closed","ping_status":"closed","sticky":false,"template":"","format":"standard","meta":{"ngg_post_thumbnail":0},"categories":[1],"tags":[151,109],"_links":{"self":[{"href":"https:\/\/public.kantarpolska.com\/archiwumraportow\/wp-json\/wp\/v2\/posts\/6594"}],"collection":[{"href":"https:\/\/public.kantarpolska.com\/archiwumraportow\/wp-json\/wp\/v2\/posts"}],"about":[{"href":"https:\/\/public.kantarpolska.com\/archiwumraportow\/wp-json\/wp\/v2\/types\/post"}],"author":[{"embeddable":true,"href":"https:\/\/public.kantarpolska.com\/archiwumraportow\/wp-json\/wp\/v2\/users\/16"}],"replies":[{"embeddable":true,"href":"https:\/\/public.kantarpolska.com\/archiwumraportow\/wp-json\/wp\/v2\/comments?post=6594"}],"version-history":[{"count":2,"href":"https:\/\/public.kantarpolska.com\/archiwumraportow\/wp-json\/wp\/v2\/posts\/6594\/revisions"}],"predecessor-version":[{"id":6676,"href":"https:\/\/public.kantarpolska.com\/archiwumraportow\/wp-json\/wp\/v2\/posts\/6594\/revisions\/6676"}],"wp:attachment":[{"href":"https:\/\/public.kantarpolska.com\/archiwumraportow\/wp-json\/wp\/v2\/media?parent=6594"}],"wp:term":[{"taxonomy":"category","embeddable":true,"href":"https:\/\/public.kantarpolska.com\/archiwumraportow\/wp-json\/wp\/v2\/categories?post=6594"},{"taxonomy":"post_tag","embeddable":true,"href":"https:\/\/public.kantarpolska.com\/archiwumraportow\/wp-json\/wp\/v2\/tags?post=6594"}],"curies":[{"name":"wp","href":"https:\/\/api.w.org\/{rel}","templated":true}]}}