
{"id":6591,"date":"2016-07-29T14:26:51","date_gmt":"2016-07-29T14:26:51","guid":{"rendered":"https:\/\/www.tnsglobal.pl\/archiwumraportow\/?p=6591"},"modified":"2016-08-02T12:06:38","modified_gmt":"2016-08-02T12:06:38","slug":"czy-dbamy-o-czystosc-naszych-recznikow-i-poscieli","status":"publish","type":"post","link":"https:\/\/public.kantarpolska.com\/archiwumraportow\/2016\/07\/29\/czy-dbamy-o-czystosc-naszych-recznikow-i-poscieli\/","title":{"rendered":"Czy dbamy o czysto\u015b\u0107 naszych r\u0119cznik\u00f3w i po\u015bcieli?"},"content":{"rendered":"<p>Ka\u017cdy z nas wie, jak przyjemnie jest spa\u0107 w czystej, \u015bwie\u017co wypranej po\u015bcieli. A jak cz\u0119sto sobie na to pozwalamy? Czy Polacy dbaj\u0105 regularnie o czysto\u015b\u0107 swojej po\u015bcieli i r\u0119cznik\u00f3w, czy schodzi to na dalszy plan w\u015br\u00f3d codziennych obowi\u0105zk\u00f3w? TNS Polska zapyta\u0142 <!--more-->Polak\u00f3w, jak cz\u0119sto zmieniaj\u0105 r\u0119czniki i po\u015bciel na czyste \u2013 czy robi\u0105 to cz\u0119sto, czy nie przywi\u0105zuj\u0105 do tego wagi? Uzyskane wyniki prezentujemy w niniejszym raporcie.<\/p>\n","protected":false},"excerpt":{"rendered":"<p>Ka\u017cdy z nas wie, jak przyjemnie jest spa\u0107 w czystej, \u015bwie\u017co wypranej po\u015bcieli. A jak cz\u0119sto sobie na to pozwalamy? Czy Polacy dbaj\u0105 regularnie o czysto\u015b\u0107 swojej po\u015bcieli i r\u0119cznik\u00f3w, czy schodzi to na dalszy plan w\u015br\u00f3d codziennych obowi\u0105zk\u00f3w? TNS Polska zapyta\u0142<\/p>\n","protected":false},"author":16,"featured_media":0,"comment_status":"closed","ping_status":"closed","sticky":false,"template":"","format":"standard","meta":{"ngg_post_thumbnail":0},"categories":[1],"tags":[151,34],"_links":{"self":[{"href":"https:\/\/public.kantarpolska.com\/archiwumraportow\/wp-json\/wp\/v2\/posts\/6591"}],"collection":[{"href":"https:\/\/public.kantarpolska.com\/archiwumraportow\/wp-json\/wp\/v2\/posts"}],"about":[{"href":"https:\/\/public.kantarpolska.com\/archiwumraportow\/wp-json\/wp\/v2\/types\/post"}],"author":[{"embeddable":true,"href":"https:\/\/public.kantarpolska.com\/archiwumraportow\/wp-json\/wp\/v2\/users\/16"}],"replies":[{"embeddable":true,"href":"https:\/\/public.kantarpolska.com\/archiwumraportow\/wp-json\/wp\/v2\/comments?post=6591"}],"version-history":[{"count":1,"href":"https:\/\/public.kantarpolska.com\/archiwumraportow\/wp-json\/wp\/v2\/posts\/6591\/revisions"}],"predecessor-version":[{"id":6593,"href":"https:\/\/public.kantarpolska.com\/archiwumraportow\/wp-json\/wp\/v2\/posts\/6591\/revisions\/6593"}],"wp:attachment":[{"href":"https:\/\/public.kantarpolska.com\/archiwumraportow\/wp-json\/wp\/v2\/media?parent=6591"}],"wp:term":[{"taxonomy":"category","embeddable":true,"href":"https:\/\/public.kantarpolska.com\/archiwumraportow\/wp-json\/wp\/v2\/categories?post=6591"},{"taxonomy":"post_tag","embeddable":true,"href":"https:\/\/public.kantarpolska.com\/archiwumraportow\/wp-json\/wp\/v2\/tags?post=6591"}],"curies":[{"name":"wp","href":"https:\/\/api.w.org\/{rel}","templated":true}]}}